{"id":324,"date":"2016-10-06T12:33:00","date_gmt":"2016-10-06T10:33:00","guid":{"rendered":"http:\/\/www.lucacalzolari.it\/wp\/?p=324"},"modified":"2023-07-21T13:13:15","modified_gmt":"2023-07-21T11:13:15","slug":"montagne360-ottobre-2016-noi-ci-siamo","status":"publish","type":"post","link":"https:\/\/www.lucacalzolari.it\/wp\/montagne360-ottobre-2016-noi-ci-siamo\/","title":{"rendered":"Noi ci siamo"},"content":{"rendered":"\n<p class=\"wp-block-paragraph\">La terra ha tremato forte la notte dello scorso 24 agosto. L\u2019Italia era ancora in ferie. Qualcuno aveva scelto di impiegare le vacanze per scoprire Amatrice, Arquata del Tronto, Accumoli, Pescara del Tronto e le tante frazioni di quella splendida porzione di territorio dell\u2019Italia centrale. Qualcun altro era tornato nei luoghi d\u2019origine per trascorrere qualche giorno insieme a genitori e nonni. In quest\u2019intreccio di storie, c\u2019\u00e8 anche quella di chi aveva scelto di vivere a Amatrice per dimenticare un altro terremoto al quale era sopravvissuto e che quella notte nel crollo dei palazzi ha perso la figlioletta di pochi mesi. E poi c\u2019era chi in quei paesi viveva da sempre, e l\u00ec immaginava il proprio futuro. Tra loro (a oggi, 6 settembre) ci sono anche tre nostri Soci della Sezione di Amatrice la cui vita si \u00e8 spenta quella notte. Andrea aveva 29 anni. Era molto attivo nella tutela dell\u2019ambiente montano e curava l\u2019Orto Botanico dei Monti della Laga a Preta, una frazione di Amatrice; Rocco \u00e8 stato uno dei soci fondatori della Sezione di Amatrice. Insieme a loro ci hanno lasciato anche due giovanissimi soci, Emanuel e Caterina, entrambi iscritti all\u2019alpinismo giovanile. Un dolore atroce per i famigliari, per la Sezione di Amatrice e per tutto il CAI. Altrettanto forte \u00e8 quello che proviamo per tutte le vittime del sisma. Siamo e continueremo a essere vicini alle famiglie delle vittime e a tutta la popolazione. Come sempre, il CAI ha reagito con prontezza a questa ulteriore tragedia italiana. Il Corpo nazionale soccorso alpino e speleologico del CAI \u00e8 stato tra i primissimi a giungere sul posto e a prestare soccorso alla popolazione (dell\u2019operato del CNSAS ce ne par- la nelle prossime pagine il suo presidente Maurizio Dellantonio). Sin da subito \u00e8 stata inoltre chiara la necessit\u00e0 di quei territori di disporre di risorse economiche. Il presidente generale Vincenzo Torti, di concerto con il Comitato Direttivo Centrale, con una delibera d\u2019urgenza ha immediatamente stanziato cinquantamila euro per le popolazioni di Lazio e Marche, accogliendo la richiesta di disponibilit\u00e0 di fondi per la ricostruzione che giungeva dai nostri rappresentanti di Lazio, Marche, Abruzzo e Umbria. Va sottolineato che i presidenti dei gruppi regionali hanno evidenziato che la priorit\u00e0 era destinare le prime risorse alle due aree pi\u00f9 colpite (Marche e Lazio). Questo primo stanziamento verr\u00e0 utilizzato secondo le priorit\u00e0 emergenziali che saranno valutate direttamente dai due Gruppi regionali interessati. \u00c9 inoltre stata avviata la raccolta fondi <em>\u201cIl CAI per il sisma dell\u2019Italia centrale (Lazio, Marche e Umbria)\u201d<\/em>, a tutti va il mio invito a contribuire. Il dolore per le vittime fa prepotentemente riemergere la riflessione sulle cause. Non \u00e8 il terremoto, fenomeno naturale, a essere assassino cos\u00ec come non lo \u00e8 la montagna quando un alpinista perde la vita mentre scala una parete. Noi lo sappiamo bene. Nel nostro Paese, la causa principale delle troppe vittime di terremoti, alluvioni e frane ha sempre a che vedere con l\u2019opera dell\u2019uomo. E soprattutto con l\u2019incuria, con il non rispetto delle norme, con i finti adeguamenti antisismici degli edifici, con la politica che guarda prevalentemente al presente, con la cultura del denaro facile, con la malavita e con pochi investimenti nella prevenzione strutturale e ancor meno, se non inesistenti, in quella non strutturale. Nel nostro Paese si fa pochissima comunicazione del rischio. \u00c9 invece fondamentale conoscere i rischi a cui siamo sottoposti nei luoghi in cui viviamo e aumentare la capacit\u00e0 individuale di auto-protezione. Credo che una grande associazione come il CAI, che fa par- te del sistema di protezione civile, oltre che contribuire con il costante operato del nostro CNSAS, con il grande slancio solidale, con la vicinanza nel tempo alle popolazioni colpite e con le attivit\u00e0 di protezione ambientale debba fare un passo in pi\u00f9, partendo da tutta la stampa sociale, e fare comunicazione del rischio. Per esempio si potrebbero organizzare nelle Sezioni momenti aperti a soci e non soci, durante i quali volontari di protezione civile appositamente formati allo scopo, fanno informazione e formazione sui diversi rischi e sui comportamenti corretti in caso di emergenza. In questo modo potremo contribuire ancor meglio a costruire un&#8217;Italia resiliente.<\/p>\n\n\n\n<p class=\"wp-block-paragraph\"><\/p>\n\n\n\n<p class=\"wp-block-paragraph\"><em>Peak &amp; Tip<\/em>, <em>Montagne360 <\/em>ottobre 2016<\/p>\n","protected":false},"excerpt":{"rendered":"<p>La terra ha tremato forte la notte dello scorso 24 agosto. L\u2019Italia era ancora in ferie. Qualcuno aveva scelto di impiegare le vacanze per scoprire Amatrice, Arquata del Tronto, Accumoli, Pescara del Tronto e le tante frazioni di quella splendida porzione di territorio dell\u2019Italia centrale. Qualcun altro era tornato nei luoghi d\u2019origine per trascorrere qualche&hellip;<\/p>\n","protected":false},"author":2,"featured_media":325,"comment_status":"closed","ping_status":"closed","sticky":false,"template":"","format":"standard","meta":{"footnotes":""},"categories":[31],"tags":[18],"class_list":["post-324","post","type-post","status-publish","format-standard","has-post-thumbnail","category-articoli","tag-montagne360"],"yoast_head":"<!-- This site is optimized with the Yoast SEO plugin v20.12 - https:\/\/yoast.com\/wordpress\/plugins\/seo\/ -->\n<title>Noi ci siamo - Luca Calzolari<\/title>\n<meta name=\"robots\" content=\"index, follow, max-snippet:-1, max-image-preview:large, max-video-preview:-1\" \/>\n<link rel=\"canonical\" href=\"https:\/\/www.lucacalzolari.it\/wp\/montagne360-ottobre-2016-noi-ci-siamo\/\" \/>\n<meta property=\"og:locale\" content=\"it_IT\" \/>\n<meta property=\"og:type\" content=\"article\" \/>\n<meta property=\"og:title\" content=\"Noi ci siamo - Luca Calzolari\" \/>\n<meta property=\"og:description\" content=\"La terra ha tremato forte la notte dello scorso 24 agosto. L\u2019Italia era ancora in ferie. Qualcuno aveva scelto di impiegare le vacanze per scoprire Amatrice, Arquata del Tronto, Accumoli, Pescara del Tronto e le tante frazioni di quella splendida porzione di territorio dell\u2019Italia centrale. Qualcun altro era tornato nei luoghi d\u2019origine per trascorrere qualche&hellip;\" \/>\n<meta property=\"og:url\" content=\"https:\/\/www.lucacalzolari.it\/wp\/montagne360-ottobre-2016-noi-ci-siamo\/\" \/>\n<meta property=\"og:site_name\" content=\"Luca Calzolari\" \/>\n<meta property=\"article:published_time\" content=\"2016-10-06T10:33:00+00:00\" \/>\n<meta property=\"article:modified_time\" content=\"2023-07-21T11:13:15+00:00\" \/>\n<meta property=\"og:image\" content=\"http:\/\/www.lucacalzolari.it\/wp\/wp-content\/uploads\/2023\/07\/cancellation-1651305_1280.jpg\" \/>\n\t<meta property=\"og:image:width\" content=\"1280\" \/>\n\t<meta property=\"og:image:height\" content=\"960\" \/>\n\t<meta property=\"og:image:type\" content=\"image\/jpeg\" \/>\n<meta name=\"author\" content=\"Luca Calzolari\" \/>\n<meta name=\"twitter:card\" content=\"summary_large_image\" \/>\n<meta name=\"twitter:creator\" content=\"@lcalzolari\" \/>\n<meta name=\"twitter:site\" content=\"@lcalzolari\" \/>\n<meta name=\"twitter:label1\" content=\"Scritto da\" \/>\n\t<meta name=\"twitter:data1\" content=\"Luca Calzolari\" \/>\n\t<meta name=\"twitter:label2\" content=\"Tempo di lettura stimato\" \/>\n\t<meta name=\"twitter:data2\" content=\"3 minuti\" \/>\n<script type=\"application\/ld+json\" class=\"yoast-schema-graph\">{\"@context\":\"https:\/\/schema.org\",\"@graph\":[{\"@type\":\"Article\",\"@id\":\"https:\/\/www.lucacalzolari.it\/wp\/montagne360-ottobre-2016-noi-ci-siamo\/#article\",\"isPartOf\":{\"@id\":\"https:\/\/www.lucacalzolari.it\/wp\/montagne360-ottobre-2016-noi-ci-siamo\/\"},\"author\":{\"name\":\"Luca Calzolari\",\"@id\":\"https:\/\/www.lucacalzolari.it\/wp\/#\/schema\/person\/287b5da65749bacd4efae5c8f988be25\"},\"headline\":\"Noi ci siamo\",\"datePublished\":\"2016-10-06T10:33:00+00:00\",\"dateModified\":\"2023-07-21T11:13:15+00:00\",\"mainEntityOfPage\":{\"@id\":\"https:\/\/www.lucacalzolari.it\/wp\/montagne360-ottobre-2016-noi-ci-siamo\/\"},\"wordCount\":695,\"publisher\":{\"@id\":\"https:\/\/www.lucacalzolari.it\/wp\/#\/schema\/person\/287b5da65749bacd4efae5c8f988be25\"},\"keywords\":[\"montagne360\"],\"articleSection\":[\"ARTICOLI\"],\"inLanguage\":\"it-IT\"},{\"@type\":\"WebPage\",\"@id\":\"https:\/\/www.lucacalzolari.it\/wp\/montagne360-ottobre-2016-noi-ci-siamo\/\",\"url\":\"https:\/\/www.lucacalzolari.it\/wp\/montagne360-ottobre-2016-noi-ci-siamo\/\",\"name\":\"Noi ci siamo - Luca Calzolari\",\"isPartOf\":{\"@id\":\"https:\/\/www.lucacalzolari.it\/wp\/#website\"},\"datePublished\":\"2016-10-06T10:33:00+00:00\",\"dateModified\":\"2023-07-21T11:13:15+00:00\",\"breadcrumb\":{\"@id\":\"https:\/\/www.lucacalzolari.it\/wp\/montagne360-ottobre-2016-noi-ci-siamo\/#breadcrumb\"},\"inLanguage\":\"it-IT\",\"potentialAction\":[{\"@type\":\"ReadAction\",\"target\":[\"https:\/\/www.lucacalzolari.it\/wp\/montagne360-ottobre-2016-noi-ci-siamo\/\"]}]},{\"@type\":\"BreadcrumbList\",\"@id\":\"https:\/\/www.lucacalzolari.it\/wp\/montagne360-ottobre-2016-noi-ci-siamo\/#breadcrumb\",\"itemListElement\":[{\"@type\":\"ListItem\",\"position\":1,\"name\":\"Home\",\"item\":\"https:\/\/www.lucacalzolari.it\/wp\/\"},{\"@type\":\"ListItem\",\"position\":2,\"name\":\"Noi ci siamo\"}]},{\"@type\":\"WebSite\",\"@id\":\"https:\/\/www.lucacalzolari.it\/wp\/#website\",\"url\":\"https:\/\/www.lucacalzolari.it\/wp\/\",\"name\":\"Luca Calzolari\",\"description\":\"Strategie e prodotti di comunicazione\",\"publisher\":{\"@id\":\"https:\/\/www.lucacalzolari.it\/wp\/#\/schema\/person\/287b5da65749bacd4efae5c8f988be25\"},\"potentialAction\":[{\"@type\":\"SearchAction\",\"target\":{\"@type\":\"EntryPoint\",\"urlTemplate\":\"https:\/\/www.lucacalzolari.it\/wp\/?s={search_term_string}\"},\"query-input\":\"required name=search_term_string\"}],\"inLanguage\":\"it-IT\"},{\"@type\":[\"Person\",\"Organization\"],\"@id\":\"https:\/\/www.lucacalzolari.it\/wp\/#\/schema\/person\/287b5da65749bacd4efae5c8f988be25\",\"name\":\"Luca Calzolari\",\"image\":{\"@type\":\"ImageObject\",\"inLanguage\":\"it-IT\",\"@id\":\"https:\/\/www.lucacalzolari.it\/wp\/#\/schema\/person\/image\/\",\"url\":\"http:\/\/www.lucacalzolari.it\/wp\/wp-content\/uploads\/2023\/06\/luca-calzolari-e1686136036615.png\",\"contentUrl\":\"http:\/\/www.lucacalzolari.it\/wp\/wp-content\/uploads\/2023\/06\/luca-calzolari-e1686136036615.png\",\"width\":238,\"height\":260,\"caption\":\"Luca Calzolari\"},\"logo\":{\"@id\":\"https:\/\/www.lucacalzolari.it\/wp\/#\/schema\/person\/image\/\"},\"sameAs\":[\"https:\/\/www.instagram.com\/l_calzolari\/\",\"https:\/\/www.linkedin.com\/in\/luca-calzolari\/\",\"https:\/\/twitter.com\/lcalzolari\"],\"url\":\"https:\/\/www.lucacalzolari.it\/wp\/author\/luca\/\"}]}<\/script>\n<!-- \/ Yoast SEO plugin. -->","yoast_head_json":{"title":"Noi ci siamo - Luca Calzolari","robots":{"index":"index","follow":"follow","max-snippet":"max-snippet:-1","max-image-preview":"max-image-preview:large","max-video-preview":"max-video-preview:-1"},"canonical":"https:\/\/www.lucacalzolari.it\/wp\/montagne360-ottobre-2016-noi-ci-siamo\/","og_locale":"it_IT","og_type":"article","og_title":"Noi ci siamo - Luca Calzolari","og_description":"La terra ha tremato forte la notte dello scorso 24 agosto. L\u2019Italia era ancora in ferie. Qualcuno aveva scelto di impiegare le vacanze per scoprire Amatrice, Arquata del Tronto, Accumoli, Pescara del Tronto e le tante frazioni di quella splendida porzione di territorio dell\u2019Italia centrale. Qualcun altro era tornato nei luoghi d\u2019origine per trascorrere qualche&hellip;","og_url":"https:\/\/www.lucacalzolari.it\/wp\/montagne360-ottobre-2016-noi-ci-siamo\/","og_site_name":"Luca Calzolari","article_published_time":"2016-10-06T10:33:00+00:00","article_modified_time":"2023-07-21T11:13:15+00:00","og_image":[{"width":1280,"height":960,"url":"http:\/\/www.lucacalzolari.it\/wp\/wp-content\/uploads\/2023\/07\/cancellation-1651305_1280.jpg","type":"image\/jpeg"}],"author":"Luca Calzolari","twitter_card":"summary_large_image","twitter_creator":"@lcalzolari","twitter_site":"@lcalzolari","twitter_misc":{"Scritto da":"Luca Calzolari","Tempo di lettura stimato":"3 minuti"},"schema":{"@context":"https:\/\/schema.org","@graph":[{"@type":"Article","@id":"https:\/\/www.lucacalzolari.it\/wp\/montagne360-ottobre-2016-noi-ci-siamo\/#article","isPartOf":{"@id":"https:\/\/www.lucacalzolari.it\/wp\/montagne360-ottobre-2016-noi-ci-siamo\/"},"author":{"name":"Luca Calzolari","@id":"https:\/\/www.lucacalzolari.it\/wp\/#\/schema\/person\/287b5da65749bacd4efae5c8f988be25"},"headline":"Noi ci siamo","datePublished":"2016-10-06T10:33:00+00:00","dateModified":"2023-07-21T11:13:15+00:00","mainEntityOfPage":{"@id":"https:\/\/www.lucacalzolari.it\/wp\/montagne360-ottobre-2016-noi-ci-siamo\/"},"wordCount":695,"publisher":{"@id":"https:\/\/www.lucacalzolari.it\/wp\/#\/schema\/person\/287b5da65749bacd4efae5c8f988be25"},"keywords":["montagne360"],"articleSection":["ARTICOLI"],"inLanguage":"it-IT"},{"@type":"WebPage","@id":"https:\/\/www.lucacalzolari.it\/wp\/montagne360-ottobre-2016-noi-ci-siamo\/","url":"https:\/\/www.lucacalzolari.it\/wp\/montagne360-ottobre-2016-noi-ci-siamo\/","name":"Noi ci siamo - Luca Calzolari","isPartOf":{"@id":"https:\/\/www.lucacalzolari.it\/wp\/#website"},"datePublished":"2016-10-06T10:33:00+00:00","dateModified":"2023-07-21T11:13:15+00:00","breadcrumb":{"@id":"https:\/\/www.lucacalzolari.it\/wp\/montagne360-ottobre-2016-noi-ci-siamo\/#breadcrumb"},"inLanguage":"it-IT","potentialAction":[{"@type":"ReadAction","target":["https:\/\/www.lucacalzolari.it\/wp\/montagne360-ottobre-2016-noi-ci-siamo\/"]}]},{"@type":"BreadcrumbList","@id":"https:\/\/www.lucacalzolari.it\/wp\/montagne360-ottobre-2016-noi-ci-siamo\/#breadcrumb","itemListElement":[{"@type":"ListItem","position":1,"name":"Home","item":"https:\/\/www.lucacalzolari.it\/wp\/"},{"@type":"ListItem","position":2,"name":"Noi ci siamo"}]},{"@type":"WebSite","@id":"https:\/\/www.lucacalzolari.it\/wp\/#website","url":"https:\/\/www.lucacalzolari.it\/wp\/","name":"Luca Calzolari","description":"Strategie e prodotti di comunicazione","publisher":{"@id":"https:\/\/www.lucacalzolari.it\/wp\/#\/schema\/person\/287b5da65749bacd4efae5c8f988be25"},"potentialAction":[{"@type":"SearchAction","target":{"@type":"EntryPoint","urlTemplate":"https:\/\/www.lucacalzolari.it\/wp\/?s={search_term_string}"},"query-input":"required name=search_term_string"}],"inLanguage":"it-IT"},{"@type":["Person","Organization"],"@id":"https:\/\/www.lucacalzolari.it\/wp\/#\/schema\/person\/287b5da65749bacd4efae5c8f988be25","name":"Luca Calzolari","image":{"@type":"ImageObject","inLanguage":"it-IT","@id":"https:\/\/www.lucacalzolari.it\/wp\/#\/schema\/person\/image\/","url":"http:\/\/www.lucacalzolari.it\/wp\/wp-content\/uploads\/2023\/06\/luca-calzolari-e1686136036615.png","contentUrl":"http:\/\/www.lucacalzolari.it\/wp\/wp-content\/uploads\/2023\/06\/luca-calzolari-e1686136036615.png","width":238,"height":260,"caption":"Luca Calzolari"},"logo":{"@id":"https:\/\/www.lucacalzolari.it\/wp\/#\/schema\/person\/image\/"},"sameAs":["https:\/\/www.instagram.com\/l_calzolari\/","https:\/\/www.linkedin.com\/in\/luca-calzolari\/","https:\/\/twitter.com\/lcalzolari"],"url":"https:\/\/www.lucacalzolari.it\/wp\/author\/luca\/"}]}},"amp_enabled":true,"_links":{"self":[{"href":"https:\/\/www.lucacalzolari.it\/wp\/wp-json\/wp\/v2\/posts\/324","targetHints":{"allow":["GET"]}}],"collection":[{"href":"https:\/\/www.lucacalzolari.it\/wp\/wp-json\/wp\/v2\/posts"}],"about":[{"href":"https:\/\/www.lucacalzolari.it\/wp\/wp-json\/wp\/v2\/types\/post"}],"author":[{"embeddable":true,"href":"https:\/\/www.lucacalzolari.it\/wp\/wp-json\/wp\/v2\/users\/2"}],"replies":[{"embeddable":true,"href":"https:\/\/www.lucacalzolari.it\/wp\/wp-json\/wp\/v2\/comments?post=324"}],"version-history":[{"count":2,"href":"https:\/\/www.lucacalzolari.it\/wp\/wp-json\/wp\/v2\/posts\/324\/revisions"}],"predecessor-version":[{"id":403,"href":"https:\/\/www.lucacalzolari.it\/wp\/wp-json\/wp\/v2\/posts\/324\/revisions\/403"}],"wp:featuredmedia":[{"embeddable":true,"href":"https:\/\/www.lucacalzolari.it\/wp\/wp-json\/wp\/v2\/media\/325"}],"wp:attachment":[{"href":"https:\/\/www.lucacalzolari.it\/wp\/wp-json\/wp\/v2\/media?parent=324"}],"wp:term":[{"taxonomy":"category","embeddable":true,"href":"https:\/\/www.lucacalzolari.it\/wp\/wp-json\/wp\/v2\/categories?post=324"},{"taxonomy":"post_tag","embeddable":true,"href":"https:\/\/www.lucacalzolari.it\/wp\/wp-json\/wp\/v2\/tags?post=324"}],"curies":[{"name":"wp","href":"https:\/\/api.w.org\/{rel}","templated":true}]}}