{"id":424,"date":"2018-04-26T16:22:00","date_gmt":"2018-04-26T14:22:00","guid":{"rendered":"http:\/\/www.lucacalzolari.it\/wp\/?p=424"},"modified":"2023-07-21T16:25:53","modified_gmt":"2023-07-21T14:25:53","slug":"adam-ondra-larrampicata-e-il-turismo","status":"publish","type":"post","link":"https:\/\/www.lucacalzolari.it\/wp\/adam-ondra-larrampicata-e-il-turismo\/","title":{"rendered":"Adam Ondra, l\u2019arrampicata e il turismo"},"content":{"rendered":"\n<p class=\"wp-block-paragraph\">Hotel Astoria di Riva del Garda era gremito e fremente nell\u2019attesa della prima visione assoluta di <em>Silence<\/em>, il docufilm di Bernardo Gim\u00e9nez che racconta il primo 9c della storia. Una via liberata nell\u2019autunno del 2017 da Adam Ondra nella Flatanger Cave, in Norvegia. Immagini straordinarie e impattanti, evocative e a tratti quasi ansiogene. Fotogrammi che raccontano il reale e che, se interpretate come una metafora della vita, svelano cadute e difficolt\u00e0. Adam, come sempre, sorride. \u00ab\u00c8 importante essere in sintonia con la parete \u2013 mi spiega in quella occasione \u2013 occorre stabilire un rapporto di reciprocit\u00e0 emotiva per intuire qual \u00e8 la posizione migliore da assumere. E se non hai la mente aperta, beh, non imparerai mai nulla\u00bb. Ha ragione il climber ceco. I suoi occhi sono scolpiti come la roccia che \u00e8 solito scalare coi movimenti di una danza impossibile, ma come sostiene anche lui non ci sono solo i muscoli. Quello che conta, su una parete come nella vita, \u00e8 la mente. Occorre pensare prima di agire e, soprattutto, \u00e8 necessario essere consapevoli dei contesti e delle conseguenze delle nostre azioni. Di questa impresa e del film abbiamo letto e sentito (e ne sentiremo) parlare molto, qui voglio proporvi un altro tema. Ondra \u00e8 da tempo l\u2019ambasciatore ufficiale del Garda Trentino, per questo <em>Silence <\/em>\u00e8 stato presentato l\u00ec. Che alpinisti e arrampicatori siano testimonial di aziende che producono attrezzature e abbigliamento tecnico o di prodotti che rappresentano un territorio montano, \u00e8 cosa a cui siamo abituati. Che sostengano un prodotto turistico \u2013 l\u2019Outdoor Park Garda Trentino \u2013 non \u00e8 per\u00f2 cosa comune. E questo fatto mi ha interessato. Di conseguenza, mi piacerebbe riproporvi un breve ragionamento (tutto da approfondire) sul nesso tra arrampicata e sviluppo turistico. L\u2019arrampicata \u00e8 una delle attivit\u00e0 trainanti di quel territorio e con Adam nelle vesti di ambasciatore di quel progetto turistico \u00e8 come se trovasse un mezzo per autoalimentarsi, concretizzandosi in una meta precisa. Di pi\u00f9: rispetto a quello che stiamo esaminando, \u00e8 evidente che il valore aggiunto di storia e mitologia garantito dalla testimonianza diretta del climber pi\u00f9 forte del mondo pu\u00f2 dar vita a un piccolo miracolo. Quello di trasformare un posto noto agli appassionati, come peraltro tanti altri, in un \u201c<em>luogo<\/em>\u201d; un luogo perfettamente riconoscibile, con una propria dignit\u00e0 e un proprio statuto. Un po\u2019 come \u00e8 capitato con la Fessura Kosterlitz, a Ceresole Reale, in Piemonte, dove un grande blocco di gneiss, un semplice frammento di roccia precipitato a valle dalle pareti soprastanti, dopo essere stato scalato nel 1970 da Mike Kosterlitz si \u00e8 trasformato in uno dei \u201c<em>luoghi<\/em>\u201d pi\u00f9 mitici e simbolici dell\u2019arrampicata di casa nostra. Insomma: se, dopo averne percorso le vie, Ondra arriva a consigliarti in prima persona la meta per scalare, come per mag\u00eca le pareti indicate dal climber di Brno rinascono a nuova vita, diventano celebri e sono viste e considerate come mete turistiche e sportive. Facendo da traino anche alle altre attivit\u00e0. Ed ecco che, a quel punto, il cerchio si chiude. Quello di ambasciatore, mi confida Adam, \u00e8 \u00abun ruolo che mi rende orgoglioso. Vengo ad Arco da quand\u2019ero bambino e sempre qua ho arrampicato il mio primo grado\u00bb. Qui la biografia di Ondra concorre alla costruzione della mitologia del luogo. \u00abCi sono vie adeguate, sicure, accessibili e compatibili con i diversi livelli di preparazione\u00bb. Qui, attraverso la sue parole, diventa meta e luogo (spazio turistico) per la rigenerazione dell\u2019arrampicata. Poi i futuri grandi arrampicatori, come lo stesso Adam ha fatto, troveranno le proprie vie. Ma non serve solo la storia verticale per la coerenza tra ambasciatore e prodotto turistico. Ci sono l\u2019ambiente e la sostenibilit\u00e0. Su <em>Peak&amp;Tip <\/em>di marzo ho toccato il tema dei numeri del turismo. Al climber ceco chiedo se prima di diventare amba- sciatore del Garda Trentino ha valutato questi aspetti e qual \u00e8 la sua opinione: \u00abSe le cose sono fatte bene, la questione non deve preoccupare. \u00c8 vero, non piace a tutti che le falesie siano piene di gente. Ma in arrampicata ci sono molte possibilit\u00e0 e c\u2019\u00e8 spazio per tutti. Non \u00e8 giusto negare l\u2019opportunit\u00e0 offerta da chi crea nuove e variegate proposte\u00bb. Molti, noi compresi, hanno a cuore la dimensione ambientale, il rispetto per la natura e per i contesti. Anche Adam sembra essere d\u2019accordo. \u00abL\u2019impatto \u00e8 importante. Molto importante. E proprio per questo, in questo progetto, tutti lavorano affinch\u00e9 sia ridotto al minimo&#8230;\u00bb. Adam afferma il vero, nel progetto dell\u2019Outdoor Park vi \u00e8 una decisa attenzione alla sostenibilit\u00e0. Per costruire il futuro senza distruggere il presente \u00e8 necessario dar corpo e anima a visioni di sviluppo coerente, compresa la scelta dei testimonial. La stessa accortezza va richiesta anche ai grandi dell\u2019alpinismo e dell\u2019arrampicata. \u00abSe ti diverti scalando \u2013 mi confida ancora Adam \u2013 e hai la mente aperta, non solo ti divertirai ma sarai anche predisposto a imparare\u00bb. Cosa? Qualsiasi cosa, ma soprattutto, a mio modo di vedere, la consapevolezza della responsabilit\u00e0 che deriva dall\u2019essere tra i numeri uno al mondo. Compresa quella di non derogare mai nelle proprie scelte al ruolo di ambasciatore del rispetto per la montagna, per la storia e per il mito positivo dell\u2019arrampicata.\u00a0<br><\/p>\n\n\n\n<p class=\"wp-block-paragraph\"><em>Peak &amp; Tip<\/em>, <em>Montagne360<\/em> aprile 2018<\/p>\n","protected":false},"excerpt":{"rendered":"<p>Hotel Astoria di Riva del Garda era gremito e fremente nell\u2019attesa della prima visione assoluta di Silence, il docufilm di Bernardo Gim\u00e9nez che racconta il primo 9c della storia. Una via liberata nell\u2019autunno del 2017 da Adam Ondra nella Flatanger Cave, in Norvegia. Immagini straordinarie e impattanti, evocative e a tratti quasi ansiogene. Fotogrammi che&hellip;<\/p>\n","protected":false},"author":2,"featured_media":425,"comment_status":"closed","ping_status":"closed","sticky":false,"template":"","format":"standard","meta":{"footnotes":""},"categories":[31],"tags":[18],"class_list":["post-424","post","type-post","status-publish","format-standard","has-post-thumbnail","category-articoli","tag-montagne360"],"yoast_head":"<!-- This site is optimized with the Yoast SEO plugin v20.12 - https:\/\/yoast.com\/wordpress\/plugins\/seo\/ -->\n<title>Adam Ondra, l\u2019arrampicata e il turismo - Luca Calzolari<\/title>\n<meta name=\"robots\" content=\"index, follow, max-snippet:-1, max-image-preview:large, max-video-preview:-1\" \/>\n<link rel=\"canonical\" href=\"https:\/\/www.lucacalzolari.it\/wp\/adam-ondra-larrampicata-e-il-turismo\/\" \/>\n<meta property=\"og:locale\" content=\"it_IT\" \/>\n<meta property=\"og:type\" content=\"article\" \/>\n<meta property=\"og:title\" content=\"Adam Ondra, l\u2019arrampicata e il turismo - Luca Calzolari\" \/>\n<meta property=\"og:description\" content=\"Hotel Astoria di Riva del Garda era gremito e fremente nell\u2019attesa della prima visione assoluta di Silence, il docufilm di Bernardo Gim\u00e9nez che racconta il primo 9c della storia. Una via liberata nell\u2019autunno del 2017 da Adam Ondra nella Flatanger Cave, in Norvegia. Immagini straordinarie e impattanti, evocative e a tratti quasi ansiogene. Fotogrammi che&hellip;\" \/>\n<meta property=\"og:url\" content=\"https:\/\/www.lucacalzolari.it\/wp\/adam-ondra-larrampicata-e-il-turismo\/\" \/>\n<meta property=\"og:site_name\" content=\"Luca Calzolari\" \/>\n<meta property=\"article:published_time\" content=\"2018-04-26T14:22:00+00:00\" \/>\n<meta property=\"article:modified_time\" content=\"2023-07-21T14:25:53+00:00\" \/>\n<meta property=\"og:image\" content=\"https:\/\/www.lucacalzolari.it\/wp\/wp-content\/uploads\/2023\/07\/climbing-2609319_1280.jpg\" \/>\n\t<meta property=\"og:image:width\" content=\"1280\" \/>\n\t<meta property=\"og:image:height\" content=\"703\" \/>\n\t<meta property=\"og:image:type\" content=\"image\/jpeg\" \/>\n<meta name=\"author\" content=\"Luca Calzolari\" \/>\n<meta name=\"twitter:card\" content=\"summary_large_image\" \/>\n<meta name=\"twitter:creator\" content=\"@lcalzolari\" \/>\n<meta name=\"twitter:site\" content=\"@lcalzolari\" \/>\n<meta name=\"twitter:label1\" content=\"Scritto da\" \/>\n\t<meta name=\"twitter:data1\" content=\"Luca Calzolari\" \/>\n\t<meta name=\"twitter:label2\" content=\"Tempo di lettura stimato\" \/>\n\t<meta name=\"twitter:data2\" content=\"4 minuti\" \/>\n<script type=\"application\/ld+json\" class=\"yoast-schema-graph\">{\"@context\":\"https:\/\/schema.org\",\"@graph\":[{\"@type\":\"Article\",\"@id\":\"https:\/\/www.lucacalzolari.it\/wp\/adam-ondra-larrampicata-e-il-turismo\/#article\",\"isPartOf\":{\"@id\":\"https:\/\/www.lucacalzolari.it\/wp\/adam-ondra-larrampicata-e-il-turismo\/\"},\"author\":{\"name\":\"Luca Calzolari\",\"@id\":\"https:\/\/www.lucacalzolari.it\/wp\/#\/schema\/person\/287b5da65749bacd4efae5c8f988be25\"},\"headline\":\"Adam Ondra, l\u2019arrampicata e il turismo\",\"datePublished\":\"2018-04-26T14:22:00+00:00\",\"dateModified\":\"2023-07-21T14:25:53+00:00\",\"mainEntityOfPage\":{\"@id\":\"https:\/\/www.lucacalzolari.it\/wp\/adam-ondra-larrampicata-e-il-turismo\/\"},\"wordCount\":859,\"publisher\":{\"@id\":\"https:\/\/www.lucacalzolari.it\/wp\/#\/schema\/person\/287b5da65749bacd4efae5c8f988be25\"},\"keywords\":[\"montagne360\"],\"articleSection\":[\"ARTICOLI\"],\"inLanguage\":\"it-IT\"},{\"@type\":\"WebPage\",\"@id\":\"https:\/\/www.lucacalzolari.it\/wp\/adam-ondra-larrampicata-e-il-turismo\/\",\"url\":\"https:\/\/www.lucacalzolari.it\/wp\/adam-ondra-larrampicata-e-il-turismo\/\",\"name\":\"Adam Ondra, l\u2019arrampicata e il turismo - Luca Calzolari\",\"isPartOf\":{\"@id\":\"https:\/\/www.lucacalzolari.it\/wp\/#website\"},\"datePublished\":\"2018-04-26T14:22:00+00:00\",\"dateModified\":\"2023-07-21T14:25:53+00:00\",\"breadcrumb\":{\"@id\":\"https:\/\/www.lucacalzolari.it\/wp\/adam-ondra-larrampicata-e-il-turismo\/#breadcrumb\"},\"inLanguage\":\"it-IT\",\"potentialAction\":[{\"@type\":\"ReadAction\",\"target\":[\"https:\/\/www.lucacalzolari.it\/wp\/adam-ondra-larrampicata-e-il-turismo\/\"]}]},{\"@type\":\"BreadcrumbList\",\"@id\":\"https:\/\/www.lucacalzolari.it\/wp\/adam-ondra-larrampicata-e-il-turismo\/#breadcrumb\",\"itemListElement\":[{\"@type\":\"ListItem\",\"position\":1,\"name\":\"Home\",\"item\":\"https:\/\/www.lucacalzolari.it\/wp\/\"},{\"@type\":\"ListItem\",\"position\":2,\"name\":\"Adam Ondra, l\u2019arrampicata e il turismo\"}]},{\"@type\":\"WebSite\",\"@id\":\"https:\/\/www.lucacalzolari.it\/wp\/#website\",\"url\":\"https:\/\/www.lucacalzolari.it\/wp\/\",\"name\":\"Luca Calzolari\",\"description\":\"Strategie e prodotti di comunicazione\",\"publisher\":{\"@id\":\"https:\/\/www.lucacalzolari.it\/wp\/#\/schema\/person\/287b5da65749bacd4efae5c8f988be25\"},\"potentialAction\":[{\"@type\":\"SearchAction\",\"target\":{\"@type\":\"EntryPoint\",\"urlTemplate\":\"https:\/\/www.lucacalzolari.it\/wp\/?s={search_term_string}\"},\"query-input\":\"required name=search_term_string\"}],\"inLanguage\":\"it-IT\"},{\"@type\":[\"Person\",\"Organization\"],\"@id\":\"https:\/\/www.lucacalzolari.it\/wp\/#\/schema\/person\/287b5da65749bacd4efae5c8f988be25\",\"name\":\"Luca Calzolari\",\"image\":{\"@type\":\"ImageObject\",\"inLanguage\":\"it-IT\",\"@id\":\"https:\/\/www.lucacalzolari.it\/wp\/#\/schema\/person\/image\/\",\"url\":\"http:\/\/www.lucacalzolari.it\/wp\/wp-content\/uploads\/2023\/06\/luca-calzolari-e1686136036615.png\",\"contentUrl\":\"http:\/\/www.lucacalzolari.it\/wp\/wp-content\/uploads\/2023\/06\/luca-calzolari-e1686136036615.png\",\"width\":238,\"height\":260,\"caption\":\"Luca Calzolari\"},\"logo\":{\"@id\":\"https:\/\/www.lucacalzolari.it\/wp\/#\/schema\/person\/image\/\"},\"sameAs\":[\"https:\/\/www.instagram.com\/l_calzolari\/\",\"https:\/\/www.linkedin.com\/in\/luca-calzolari\/\",\"https:\/\/twitter.com\/lcalzolari\"],\"url\":\"https:\/\/www.lucacalzolari.it\/wp\/author\/luca\/\"}]}<\/script>\n<!-- \/ Yoast SEO plugin. -->","yoast_head_json":{"title":"Adam Ondra, l\u2019arrampicata e il turismo - Luca Calzolari","robots":{"index":"index","follow":"follow","max-snippet":"max-snippet:-1","max-image-preview":"max-image-preview:large","max-video-preview":"max-video-preview:-1"},"canonical":"https:\/\/www.lucacalzolari.it\/wp\/adam-ondra-larrampicata-e-il-turismo\/","og_locale":"it_IT","og_type":"article","og_title":"Adam Ondra, l\u2019arrampicata e il turismo - Luca Calzolari","og_description":"Hotel Astoria di Riva del Garda era gremito e fremente nell\u2019attesa della prima visione assoluta di Silence, il docufilm di Bernardo Gim\u00e9nez che racconta il primo 9c della storia. Una via liberata nell\u2019autunno del 2017 da Adam Ondra nella Flatanger Cave, in Norvegia. Immagini straordinarie e impattanti, evocative e a tratti quasi ansiogene. Fotogrammi che&hellip;","og_url":"https:\/\/www.lucacalzolari.it\/wp\/adam-ondra-larrampicata-e-il-turismo\/","og_site_name":"Luca Calzolari","article_published_time":"2018-04-26T14:22:00+00:00","article_modified_time":"2023-07-21T14:25:53+00:00","og_image":[{"width":1280,"height":703,"url":"https:\/\/www.lucacalzolari.it\/wp\/wp-content\/uploads\/2023\/07\/climbing-2609319_1280.jpg","type":"image\/jpeg"}],"author":"Luca Calzolari","twitter_card":"summary_large_image","twitter_creator":"@lcalzolari","twitter_site":"@lcalzolari","twitter_misc":{"Scritto da":"Luca Calzolari","Tempo di lettura stimato":"4 minuti"},"schema":{"@context":"https:\/\/schema.org","@graph":[{"@type":"Article","@id":"https:\/\/www.lucacalzolari.it\/wp\/adam-ondra-larrampicata-e-il-turismo\/#article","isPartOf":{"@id":"https:\/\/www.lucacalzolari.it\/wp\/adam-ondra-larrampicata-e-il-turismo\/"},"author":{"name":"Luca Calzolari","@id":"https:\/\/www.lucacalzolari.it\/wp\/#\/schema\/person\/287b5da65749bacd4efae5c8f988be25"},"headline":"Adam Ondra, l\u2019arrampicata e il turismo","datePublished":"2018-04-26T14:22:00+00:00","dateModified":"2023-07-21T14:25:53+00:00","mainEntityOfPage":{"@id":"https:\/\/www.lucacalzolari.it\/wp\/adam-ondra-larrampicata-e-il-turismo\/"},"wordCount":859,"publisher":{"@id":"https:\/\/www.lucacalzolari.it\/wp\/#\/schema\/person\/287b5da65749bacd4efae5c8f988be25"},"keywords":["montagne360"],"articleSection":["ARTICOLI"],"inLanguage":"it-IT"},{"@type":"WebPage","@id":"https:\/\/www.lucacalzolari.it\/wp\/adam-ondra-larrampicata-e-il-turismo\/","url":"https:\/\/www.lucacalzolari.it\/wp\/adam-ondra-larrampicata-e-il-turismo\/","name":"Adam Ondra, l\u2019arrampicata e il turismo - Luca Calzolari","isPartOf":{"@id":"https:\/\/www.lucacalzolari.it\/wp\/#website"},"datePublished":"2018-04-26T14:22:00+00:00","dateModified":"2023-07-21T14:25:53+00:00","breadcrumb":{"@id":"https:\/\/www.lucacalzolari.it\/wp\/adam-ondra-larrampicata-e-il-turismo\/#breadcrumb"},"inLanguage":"it-IT","potentialAction":[{"@type":"ReadAction","target":["https:\/\/www.lucacalzolari.it\/wp\/adam-ondra-larrampicata-e-il-turismo\/"]}]},{"@type":"BreadcrumbList","@id":"https:\/\/www.lucacalzolari.it\/wp\/adam-ondra-larrampicata-e-il-turismo\/#breadcrumb","itemListElement":[{"@type":"ListItem","position":1,"name":"Home","item":"https:\/\/www.lucacalzolari.it\/wp\/"},{"@type":"ListItem","position":2,"name":"Adam Ondra, l\u2019arrampicata e il turismo"}]},{"@type":"WebSite","@id":"https:\/\/www.lucacalzolari.it\/wp\/#website","url":"https:\/\/www.lucacalzolari.it\/wp\/","name":"Luca Calzolari","description":"Strategie e prodotti di comunicazione","publisher":{"@id":"https:\/\/www.lucacalzolari.it\/wp\/#\/schema\/person\/287b5da65749bacd4efae5c8f988be25"},"potentialAction":[{"@type":"SearchAction","target":{"@type":"EntryPoint","urlTemplate":"https:\/\/www.lucacalzolari.it\/wp\/?s={search_term_string}"},"query-input":"required name=search_term_string"}],"inLanguage":"it-IT"},{"@type":["Person","Organization"],"@id":"https:\/\/www.lucacalzolari.it\/wp\/#\/schema\/person\/287b5da65749bacd4efae5c8f988be25","name":"Luca Calzolari","image":{"@type":"ImageObject","inLanguage":"it-IT","@id":"https:\/\/www.lucacalzolari.it\/wp\/#\/schema\/person\/image\/","url":"http:\/\/www.lucacalzolari.it\/wp\/wp-content\/uploads\/2023\/06\/luca-calzolari-e1686136036615.png","contentUrl":"http:\/\/www.lucacalzolari.it\/wp\/wp-content\/uploads\/2023\/06\/luca-calzolari-e1686136036615.png","width":238,"height":260,"caption":"Luca Calzolari"},"logo":{"@id":"https:\/\/www.lucacalzolari.it\/wp\/#\/schema\/person\/image\/"},"sameAs":["https:\/\/www.instagram.com\/l_calzolari\/","https:\/\/www.linkedin.com\/in\/luca-calzolari\/","https:\/\/twitter.com\/lcalzolari"],"url":"https:\/\/www.lucacalzolari.it\/wp\/author\/luca\/"}]}},"amp_enabled":true,"_links":{"self":[{"href":"https:\/\/www.lucacalzolari.it\/wp\/wp-json\/wp\/v2\/posts\/424","targetHints":{"allow":["GET"]}}],"collection":[{"href":"https:\/\/www.lucacalzolari.it\/wp\/wp-json\/wp\/v2\/posts"}],"about":[{"href":"https:\/\/www.lucacalzolari.it\/wp\/wp-json\/wp\/v2\/types\/post"}],"author":[{"embeddable":true,"href":"https:\/\/www.lucacalzolari.it\/wp\/wp-json\/wp\/v2\/users\/2"}],"replies":[{"embeddable":true,"href":"https:\/\/www.lucacalzolari.it\/wp\/wp-json\/wp\/v2\/comments?post=424"}],"version-history":[{"count":1,"href":"https:\/\/www.lucacalzolari.it\/wp\/wp-json\/wp\/v2\/posts\/424\/revisions"}],"predecessor-version":[{"id":426,"href":"https:\/\/www.lucacalzolari.it\/wp\/wp-json\/wp\/v2\/posts\/424\/revisions\/426"}],"wp:featuredmedia":[{"embeddable":true,"href":"https:\/\/www.lucacalzolari.it\/wp\/wp-json\/wp\/v2\/media\/425"}],"wp:attachment":[{"href":"https:\/\/www.lucacalzolari.it\/wp\/wp-json\/wp\/v2\/media?parent=424"}],"wp:term":[{"taxonomy":"category","embeddable":true,"href":"https:\/\/www.lucacalzolari.it\/wp\/wp-json\/wp\/v2\/categories?post=424"},{"taxonomy":"post_tag","embeddable":true,"href":"https:\/\/www.lucacalzolari.it\/wp\/wp-json\/wp\/v2\/tags?post=424"}],"curies":[{"name":"wp","href":"https:\/\/api.w.org\/{rel}","templated":true}]}}