{"id":435,"date":"2018-07-02T11:22:30","date_gmt":"2018-07-02T09:22:30","guid":{"rendered":"http:\/\/www.lucacalzolari.it\/wp\/?p=435"},"modified":"2023-08-02T16:22:36","modified_gmt":"2023-08-02T14:22:36","slug":"nessuno-escluso","status":"publish","type":"post","link":"https:\/\/www.lucacalzolari.it\/wp\/nessuno-escluso\/","title":{"rendered":"Nessuno escluso"},"content":{"rendered":"\n<p class=\"wp-block-paragraph\">Non c\u2019\u00e8 mai un luogo sbagliato per parlare di montagna. E ovunque lo si faccia, c\u2019\u00e8 sempre qualcuno che \u00e8 istintivamente predisposto all\u2019ascolto. Pi\u00f9 spesso siamo noi che ci chiediamo se a chi frequenta quel luogo potr\u00e0 mai interessare il nostro racconto. Del resto vivere le Terre alte non \u00e8 un\u2019esclusiva riservata a pochi. Le montagne fanno parte dell&#8217;esperienza umana, cos\u00ec come tutti gli elementi presenti in natura. E non dobbiamo sentirci in colpa se prendiamo da loro tutto il bello che c\u2019\u00e8. Perch\u00e9 le montagne offrono opportunit\u00e0 che per molti sono inimmaginabili. I soci Cai sanno bene quante attivit\u00e0 e quante relazioni nascono e si sviluppano tra i boschi, nelle valli e lungo i sentieri, quando ci si lega insieme e quando si condivide il buio magico delle grotte. E quanto esse aiutano a ritrovarsi. Lo sanno loro, che sono gli abituali frequentatori delle montagne. Ma a volte condividere queste narrazioni con nuovi pubblici-interlocutori inediti che trovano sani elementi di curiosit\u00e0 e attrazione nei nostri (e vostri) racconti &#8211; significa aprire nuove porte. Cosa voglio dire? Semplice: quelle porte non sono altro che un esplicito invito all\u2019accoglienza e rappresentano il ponte culturale e dialettico attraverso il quale \u00e8 possibile allargare e rafforzare la nostra famiglia. Siamo soliti parlare della montagna in luoghi che parlano di montagna, rivolgendoci a chi spesso quelle parole gi\u00e0 le conosce. Ma ogni luogo \u00e8 il luogo adatto, cos\u00ec come ogni pretesto \u00e8 buono per offrire un\u2019altra lente per guardare alla montagna a chi conosce meno quelle parole. Forti di queste premesse siamo scesi a valle, fin quasi a raggiungere il mare. E siamo arrivati fino a Lucca, che nella sua variegata provincia abbraccia sia la Versilia sia le bellissime Alpi Apuane, da cui si vede la costa. Il pretesto \u00e8 un evento \u201cscomodo\u201d, proprio come il nome che porta. Eravamo l\u00ec per il Festival italiano del volontariato. Che all\u2019interno del Club alpino italiano ci sia una forte spinta solidale, questo \u00e8 ben noto. Ma se abbiamo partecipato al Festival \u00e8 stato per raccontare storie che con questo mondo hanno molto a che fare. S\u00ec, stiamo parlando di montagnaterapia. Ovvero della montagna che aiuta, che cura, che include, che crea benessere e che offre nuove opportunit\u00e0 a chi, per cause che non andiamo a indagare, ha dovuto fare i conti con una vita difficile. E allora, attingendo ad alcune esperienze territoriali, abbiamo raccontato tutto questo attraverso la voce di chi ha aperto virtualmente le porte del cuore. Sono le storie di chi arrampica con i non vedenti, di chi scende in grotta con tossicodipendenti, di chi organizza trekking ed escursioni con persone che hanno disabilit\u00e0 psichiche e motorie, di inserimenti lavorativi in rifugi sociali (tutti temi che affronteremo di nuovo pi\u00f9 avanti). Storie che arrivano dalla Toscana, dal Piemonte, dal Trentino-Alto Adige. Nel febbraio dello scorso anno, su queste stesse pagine, dedicammo uno speciale al tema della montagnaterapia. Ricordo che nell\u2019introduzione scrissi che la montagna che accoglie \u00e8 una montagna che non fa distinzioni. Cos\u00ec si impara a stare insieme, a far gruppo. \u00abIl passo dell\u2019altro diventa il mio passo e la bellezza prende la forma di una disciplina che segue linee e percorsi solo apparentemente distanti. La montagna aiuta ad abbattere i pregiudizi e le differenze, si fa sociale e trova la sua funzione e il suo spazio anche in ambito socio-sanitario. Perch\u00e9 la montagna cura, ma \u00e8 molto di pi\u00f9 di una semplice terapia. \u00c8 anche il luogo per scoprire nuove libert\u00e0 e recuperarne alcune. Magari proprio quelle che erano state smarrite lungo un altro percorso. Quello della vita\u00bb. Ho ripensato a queste parole, scritte nero su bianco, quando ho conosciuto l\u2019alpinista cieco Giuseppe Comuniello e il suo istruttore Aldo Terreni del Cai di Firenze (fondatore, insieme a Eleonora Bettini, del gruppo \u201cLa montagna per tutti\u201d). Al Festival, il cui sottotitolo era appunto \u201cmettiamoci scomodi\u201d (perch\u00e9 questa \u00e8 la posizione di chi lavora al fianco dei tanti invisibili), c\u2019erano anche loro. Ci\u00f2 che sorprende non \u00e8 il fatto che Aldo, durante le arrampicate, diventi la voce guida di Giuseppe utilizzando radio e ricetrasmittenti. No, a sorprendermi e a emozionarmi sono state le loro parole. \u00abQuella corda che ci lega in parete \u00e8 una metafora della relazione che ci unisce\u00bb, ci ha detto Aldo. \u00abE io di lui mi fido ciecamente\u00bb, gli fa eco Giuseppe con ironia. E cos\u00ec una nuova parete viene scalata, e un\u2019altra porta si apre. Oggi, domani, ogni giorno.&nbsp;<\/p>\n\n\n\n<p class=\"wp-block-paragraph\"><\/p>\n\n\n\n<p class=\"wp-block-paragraph\"><em>Peak &amp; Tip<\/em>, <em>Montagne360<\/em> luglio 2018<\/p>\n","protected":false},"excerpt":{"rendered":"<p>Non c\u2019\u00e8 mai un luogo sbagliato per parlare di montagna. E ovunque lo si faccia, c\u2019\u00e8 sempre qualcuno che \u00e8 istintivamente predisposto all\u2019ascolto. Pi\u00f9 spesso siamo noi che ci chiediamo se a chi frequenta quel luogo potr\u00e0 mai interessare il nostro racconto. Del resto vivere le Terre alte non \u00e8 un\u2019esclusiva riservata a pochi. Le&hellip;<\/p>\n","protected":false},"author":2,"featured_media":438,"comment_status":"closed","ping_status":"closed","sticky":false,"template":"","format":"standard","meta":{"footnotes":""},"categories":[31],"tags":[18],"class_list":["post-435","post","type-post","status-publish","format-standard","has-post-thumbnail","category-articoli","tag-montagne360"],"yoast_head":"<!-- This site is optimized with the Yoast SEO plugin v20.12 - https:\/\/yoast.com\/wordpress\/plugins\/seo\/ -->\n<title>Nessuno escluso - Luca Calzolari<\/title>\n<meta name=\"robots\" content=\"index, follow, max-snippet:-1, max-image-preview:large, max-video-preview:-1\" \/>\n<link rel=\"canonical\" href=\"https:\/\/www.lucacalzolari.it\/wp\/nessuno-escluso\/\" \/>\n<meta property=\"og:locale\" content=\"it_IT\" \/>\n<meta property=\"og:type\" content=\"article\" \/>\n<meta property=\"og:title\" content=\"Nessuno escluso - Luca Calzolari\" \/>\n<meta property=\"og:description\" content=\"Non c\u2019\u00e8 mai un luogo sbagliato per parlare di montagna. E ovunque lo si faccia, c\u2019\u00e8 sempre qualcuno che \u00e8 istintivamente predisposto all\u2019ascolto. Pi\u00f9 spesso siamo noi che ci chiediamo se a chi frequenta quel luogo potr\u00e0 mai interessare il nostro racconto. Del resto vivere le Terre alte non \u00e8 un\u2019esclusiva riservata a pochi. Le&hellip;\" \/>\n<meta property=\"og:url\" content=\"https:\/\/www.lucacalzolari.it\/wp\/nessuno-escluso\/\" \/>\n<meta property=\"og:site_name\" content=\"Luca Calzolari\" \/>\n<meta property=\"article:published_time\" content=\"2018-07-02T09:22:30+00:00\" \/>\n<meta property=\"article:modified_time\" content=\"2023-08-02T14:22:36+00:00\" \/>\n<meta property=\"og:image\" content=\"https:\/\/www.lucacalzolari.it\/wp\/wp-content\/uploads\/2023\/08\/samuel-ferrara-1527pjeb6jg-unsplash-scaled.jpg\" \/>\n\t<meta property=\"og:image:width\" content=\"2560\" \/>\n\t<meta property=\"og:image:height\" content=\"1707\" \/>\n\t<meta property=\"og:image:type\" content=\"image\/jpeg\" \/>\n<meta name=\"author\" content=\"Luca Calzolari\" \/>\n<meta name=\"twitter:card\" content=\"summary_large_image\" \/>\n<meta name=\"twitter:creator\" content=\"@lcalzolari\" \/>\n<meta name=\"twitter:site\" content=\"@lcalzolari\" \/>\n<meta name=\"twitter:label1\" content=\"Scritto da\" \/>\n\t<meta name=\"twitter:data1\" content=\"Luca Calzolari\" \/>\n\t<meta name=\"twitter:label2\" content=\"Tempo di lettura stimato\" \/>\n\t<meta name=\"twitter:data2\" content=\"4 minuti\" \/>\n<script type=\"application\/ld+json\" class=\"yoast-schema-graph\">{\"@context\":\"https:\/\/schema.org\",\"@graph\":[{\"@type\":\"Article\",\"@id\":\"https:\/\/www.lucacalzolari.it\/wp\/nessuno-escluso\/#article\",\"isPartOf\":{\"@id\":\"https:\/\/www.lucacalzolari.it\/wp\/nessuno-escluso\/\"},\"author\":{\"name\":\"Luca Calzolari\",\"@id\":\"https:\/\/www.lucacalzolari.it\/wp\/#\/schema\/person\/287b5da65749bacd4efae5c8f988be25\"},\"headline\":\"Nessuno escluso\",\"datePublished\":\"2018-07-02T09:22:30+00:00\",\"dateModified\":\"2023-08-02T14:22:36+00:00\",\"mainEntityOfPage\":{\"@id\":\"https:\/\/www.lucacalzolari.it\/wp\/nessuno-escluso\/\"},\"wordCount\":743,\"publisher\":{\"@id\":\"https:\/\/www.lucacalzolari.it\/wp\/#\/schema\/person\/287b5da65749bacd4efae5c8f988be25\"},\"keywords\":[\"montagne360\"],\"articleSection\":[\"ARTICOLI\"],\"inLanguage\":\"it-IT\"},{\"@type\":\"WebPage\",\"@id\":\"https:\/\/www.lucacalzolari.it\/wp\/nessuno-escluso\/\",\"url\":\"https:\/\/www.lucacalzolari.it\/wp\/nessuno-escluso\/\",\"name\":\"Nessuno escluso - Luca Calzolari\",\"isPartOf\":{\"@id\":\"https:\/\/www.lucacalzolari.it\/wp\/#website\"},\"datePublished\":\"2018-07-02T09:22:30+00:00\",\"dateModified\":\"2023-08-02T14:22:36+00:00\",\"breadcrumb\":{\"@id\":\"https:\/\/www.lucacalzolari.it\/wp\/nessuno-escluso\/#breadcrumb\"},\"inLanguage\":\"it-IT\",\"potentialAction\":[{\"@type\":\"ReadAction\",\"target\":[\"https:\/\/www.lucacalzolari.it\/wp\/nessuno-escluso\/\"]}]},{\"@type\":\"BreadcrumbList\",\"@id\":\"https:\/\/www.lucacalzolari.it\/wp\/nessuno-escluso\/#breadcrumb\",\"itemListElement\":[{\"@type\":\"ListItem\",\"position\":1,\"name\":\"Home\",\"item\":\"https:\/\/www.lucacalzolari.it\/wp\/\"},{\"@type\":\"ListItem\",\"position\":2,\"name\":\"Nessuno escluso\"}]},{\"@type\":\"WebSite\",\"@id\":\"https:\/\/www.lucacalzolari.it\/wp\/#website\",\"url\":\"https:\/\/www.lucacalzolari.it\/wp\/\",\"name\":\"Luca Calzolari\",\"description\":\"Strategie e prodotti di comunicazione\",\"publisher\":{\"@id\":\"https:\/\/www.lucacalzolari.it\/wp\/#\/schema\/person\/287b5da65749bacd4efae5c8f988be25\"},\"potentialAction\":[{\"@type\":\"SearchAction\",\"target\":{\"@type\":\"EntryPoint\",\"urlTemplate\":\"https:\/\/www.lucacalzolari.it\/wp\/?s={search_term_string}\"},\"query-input\":\"required name=search_term_string\"}],\"inLanguage\":\"it-IT\"},{\"@type\":[\"Person\",\"Organization\"],\"@id\":\"https:\/\/www.lucacalzolari.it\/wp\/#\/schema\/person\/287b5da65749bacd4efae5c8f988be25\",\"name\":\"Luca Calzolari\",\"image\":{\"@type\":\"ImageObject\",\"inLanguage\":\"it-IT\",\"@id\":\"https:\/\/www.lucacalzolari.it\/wp\/#\/schema\/person\/image\/\",\"url\":\"http:\/\/www.lucacalzolari.it\/wp\/wp-content\/uploads\/2023\/06\/luca-calzolari-e1686136036615.png\",\"contentUrl\":\"http:\/\/www.lucacalzolari.it\/wp\/wp-content\/uploads\/2023\/06\/luca-calzolari-e1686136036615.png\",\"width\":238,\"height\":260,\"caption\":\"Luca Calzolari\"},\"logo\":{\"@id\":\"https:\/\/www.lucacalzolari.it\/wp\/#\/schema\/person\/image\/\"},\"sameAs\":[\"https:\/\/www.instagram.com\/l_calzolari\/\",\"https:\/\/www.linkedin.com\/in\/luca-calzolari\/\",\"https:\/\/twitter.com\/lcalzolari\"],\"url\":\"https:\/\/www.lucacalzolari.it\/wp\/author\/luca\/\"}]}<\/script>\n<!-- \/ Yoast SEO plugin. -->","yoast_head_json":{"title":"Nessuno escluso - Luca Calzolari","robots":{"index":"index","follow":"follow","max-snippet":"max-snippet:-1","max-image-preview":"max-image-preview:large","max-video-preview":"max-video-preview:-1"},"canonical":"https:\/\/www.lucacalzolari.it\/wp\/nessuno-escluso\/","og_locale":"it_IT","og_type":"article","og_title":"Nessuno escluso - Luca Calzolari","og_description":"Non c\u2019\u00e8 mai un luogo sbagliato per parlare di montagna. E ovunque lo si faccia, c\u2019\u00e8 sempre qualcuno che \u00e8 istintivamente predisposto all\u2019ascolto. Pi\u00f9 spesso siamo noi che ci chiediamo se a chi frequenta quel luogo potr\u00e0 mai interessare il nostro racconto. Del resto vivere le Terre alte non \u00e8 un\u2019esclusiva riservata a pochi. Le&hellip;","og_url":"https:\/\/www.lucacalzolari.it\/wp\/nessuno-escluso\/","og_site_name":"Luca Calzolari","article_published_time":"2018-07-02T09:22:30+00:00","article_modified_time":"2023-08-02T14:22:36+00:00","og_image":[{"width":2560,"height":1707,"url":"https:\/\/www.lucacalzolari.it\/wp\/wp-content\/uploads\/2023\/08\/samuel-ferrara-1527pjeb6jg-unsplash-scaled.jpg","type":"image\/jpeg"}],"author":"Luca Calzolari","twitter_card":"summary_large_image","twitter_creator":"@lcalzolari","twitter_site":"@lcalzolari","twitter_misc":{"Scritto da":"Luca Calzolari","Tempo di lettura stimato":"4 minuti"},"schema":{"@context":"https:\/\/schema.org","@graph":[{"@type":"Article","@id":"https:\/\/www.lucacalzolari.it\/wp\/nessuno-escluso\/#article","isPartOf":{"@id":"https:\/\/www.lucacalzolari.it\/wp\/nessuno-escluso\/"},"author":{"name":"Luca Calzolari","@id":"https:\/\/www.lucacalzolari.it\/wp\/#\/schema\/person\/287b5da65749bacd4efae5c8f988be25"},"headline":"Nessuno escluso","datePublished":"2018-07-02T09:22:30+00:00","dateModified":"2023-08-02T14:22:36+00:00","mainEntityOfPage":{"@id":"https:\/\/www.lucacalzolari.it\/wp\/nessuno-escluso\/"},"wordCount":743,"publisher":{"@id":"https:\/\/www.lucacalzolari.it\/wp\/#\/schema\/person\/287b5da65749bacd4efae5c8f988be25"},"keywords":["montagne360"],"articleSection":["ARTICOLI"],"inLanguage":"it-IT"},{"@type":"WebPage","@id":"https:\/\/www.lucacalzolari.it\/wp\/nessuno-escluso\/","url":"https:\/\/www.lucacalzolari.it\/wp\/nessuno-escluso\/","name":"Nessuno escluso - Luca Calzolari","isPartOf":{"@id":"https:\/\/www.lucacalzolari.it\/wp\/#website"},"datePublished":"2018-07-02T09:22:30+00:00","dateModified":"2023-08-02T14:22:36+00:00","breadcrumb":{"@id":"https:\/\/www.lucacalzolari.it\/wp\/nessuno-escluso\/#breadcrumb"},"inLanguage":"it-IT","potentialAction":[{"@type":"ReadAction","target":["https:\/\/www.lucacalzolari.it\/wp\/nessuno-escluso\/"]}]},{"@type":"BreadcrumbList","@id":"https:\/\/www.lucacalzolari.it\/wp\/nessuno-escluso\/#breadcrumb","itemListElement":[{"@type":"ListItem","position":1,"name":"Home","item":"https:\/\/www.lucacalzolari.it\/wp\/"},{"@type":"ListItem","position":2,"name":"Nessuno escluso"}]},{"@type":"WebSite","@id":"https:\/\/www.lucacalzolari.it\/wp\/#website","url":"https:\/\/www.lucacalzolari.it\/wp\/","name":"Luca Calzolari","description":"Strategie e prodotti di comunicazione","publisher":{"@id":"https:\/\/www.lucacalzolari.it\/wp\/#\/schema\/person\/287b5da65749bacd4efae5c8f988be25"},"potentialAction":[{"@type":"SearchAction","target":{"@type":"EntryPoint","urlTemplate":"https:\/\/www.lucacalzolari.it\/wp\/?s={search_term_string}"},"query-input":"required name=search_term_string"}],"inLanguage":"it-IT"},{"@type":["Person","Organization"],"@id":"https:\/\/www.lucacalzolari.it\/wp\/#\/schema\/person\/287b5da65749bacd4efae5c8f988be25","name":"Luca Calzolari","image":{"@type":"ImageObject","inLanguage":"it-IT","@id":"https:\/\/www.lucacalzolari.it\/wp\/#\/schema\/person\/image\/","url":"http:\/\/www.lucacalzolari.it\/wp\/wp-content\/uploads\/2023\/06\/luca-calzolari-e1686136036615.png","contentUrl":"http:\/\/www.lucacalzolari.it\/wp\/wp-content\/uploads\/2023\/06\/luca-calzolari-e1686136036615.png","width":238,"height":260,"caption":"Luca Calzolari"},"logo":{"@id":"https:\/\/www.lucacalzolari.it\/wp\/#\/schema\/person\/image\/"},"sameAs":["https:\/\/www.instagram.com\/l_calzolari\/","https:\/\/www.linkedin.com\/in\/luca-calzolari\/","https:\/\/twitter.com\/lcalzolari"],"url":"https:\/\/www.lucacalzolari.it\/wp\/author\/luca\/"}]}},"amp_enabled":true,"_links":{"self":[{"href":"https:\/\/www.lucacalzolari.it\/wp\/wp-json\/wp\/v2\/posts\/435","targetHints":{"allow":["GET"]}}],"collection":[{"href":"https:\/\/www.lucacalzolari.it\/wp\/wp-json\/wp\/v2\/posts"}],"about":[{"href":"https:\/\/www.lucacalzolari.it\/wp\/wp-json\/wp\/v2\/types\/post"}],"author":[{"embeddable":true,"href":"https:\/\/www.lucacalzolari.it\/wp\/wp-json\/wp\/v2\/users\/2"}],"replies":[{"embeddable":true,"href":"https:\/\/www.lucacalzolari.it\/wp\/wp-json\/wp\/v2\/comments?post=435"}],"version-history":[{"count":4,"href":"https:\/\/www.lucacalzolari.it\/wp\/wp-json\/wp\/v2\/posts\/435\/revisions"}],"predecessor-version":[{"id":444,"href":"https:\/\/www.lucacalzolari.it\/wp\/wp-json\/wp\/v2\/posts\/435\/revisions\/444"}],"wp:featuredmedia":[{"embeddable":true,"href":"https:\/\/www.lucacalzolari.it\/wp\/wp-json\/wp\/v2\/media\/438"}],"wp:attachment":[{"href":"https:\/\/www.lucacalzolari.it\/wp\/wp-json\/wp\/v2\/media?parent=435"}],"wp:term":[{"taxonomy":"category","embeddable":true,"href":"https:\/\/www.lucacalzolari.it\/wp\/wp-json\/wp\/v2\/categories?post=435"},{"taxonomy":"post_tag","embeddable":true,"href":"https:\/\/www.lucacalzolari.it\/wp\/wp-json\/wp\/v2\/tags?post=435"}],"curies":[{"name":"wp","href":"https:\/\/api.w.org\/{rel}","templated":true}]}}