{"id":461,"date":"2019-02-09T15:56:51","date_gmt":"2019-02-09T14:56:51","guid":{"rendered":"http:\/\/www.lucacalzolari.it\/wp\/?p=461"},"modified":"2023-08-02T16:28:44","modified_gmt":"2023-08-02T14:28:44","slug":"aiutiamoli-a-salvarci","status":"publish","type":"post","link":"https:\/\/www.lucacalzolari.it\/wp\/aiutiamoli-a-salvarci\/","title":{"rendered":"Aiutiamoli a salvarci"},"content":{"rendered":"\n<p class=\"wp-block-paragraph\">I giovani ci salveranno. \u00c8 un\u2019idea che \u2013 contrastando i dilaganti luoghi comuni sulle generazioni di <em>choosy<\/em>, bamboccioni ed eterni sdraiati \u2013 mi porto dietro da tempo. Stavolta, per\u00f2, trovo consolazione nei numeri, ovvero un parziale fondamento nei risultati di un\u2019indagine sui temi ambientali condotta dall\u2019Osservatorio giovani dell\u2019Istituto Giuseppe Toniolo tra ragazzi e ragazze nati tra il 1982 e il 1997. Le risposte, che per qualcuno potrebbero sembrare sorprendenti, stranamente non mi stupiscono affatto. Forse perch\u00e9 ho sempre creduto nelle nuove generazioni. Forse perch\u00e9 noi che da adulti iniziamo a definirci \u201cmaturi\u201d abbiamo ceduto alle pressioni della societ\u00e0 del rancore (e questo, a dirlo, non \u00e8 l\u2019Istituto Toniolo bens\u00ec il Censis). Cosa emerge in sintesi da questa ricerca? Che pi\u00f9 di 8 giovani su 10 sono disposti a cambiare le proprie abitudini per ridurre l\u2019impatto dei cambiamenti climatici sul pianeta. Una percentuale di poco pi\u00f9 alta (82%) dichiara di essere disponibile a ridurre al minimo gli sprechi. Stiamo parlando di azioni e funzioni quotidiane che hanno a che fare con la luce, l\u2019acqua, l\u2019uso della plastica e il consumo di cibo. Ora qualcuno penser\u00e0 che \u00e8 facile offrire una risposta che mira al bello e al buono. Eppure dietro quei \u00abs\u00ec, ce la possiamo fare\u00bb, in questi giovani c\u2019\u00e8 una profonda e radicata convinzione. Insomma, sanno di cosa parlano. E qui arriva la prima lezione che noi, adulti che abbiamo raggiunto per nostra stessa definizione la maturit\u00e0, dovremmo raccogliere e far nostra: i giovani hanno un grande senso di responsabilit\u00e0. La grande maggioranza degli intervistati ritiene che la qualit\u00e0 del futuro del pianeta \u00ab\u00e8 strettamente legata alla responsabilit\u00e0 di ciascuno di noi, non solo dall\u2019operato dei governi\u00bb e che la salvaguardia del patrimonio naturale \u00e8 uno dei temi che gli sta pi\u00f9 a cuore. Esiste infatti \u00abun ampio convincimento del valore comune che esso rappresenta, ma anche dei rischi legati all\u2019impatto dei cambiamenti climatici, in larga parte prodotti dai nostri comportamenti\u00bb. Belle parole. Ma il rischio, in questi casi, \u00e8 di limitare la riflessione a una dimensione squisitamente teorica. E invece no, ecco che veniamo felicemente smentiti una seconda volta. Perch\u00e9 se \u00e8 vero che sanno cos\u2019\u00e8 la responsabilit\u00e0, allora significa che la praticano. La risposta a questa mia considerazione \u00e8 ancora una volta nei numeri, che vi presento affinch\u00e9 siano letti (e compresi) tutti d\u2019un fiato: 7 su 10 scelgono prodotti di aziende sostenibili mentre l\u201985,35% fa la raccolta differenziata; l\u201987,1% ritiene che anche i piccoli gesti siano importanti per l\u2019ambiente, il 59% \u00e8 convinto che la sua salvaguardia investa diretta- mente ogni singolo cittadino, per la met\u00e0 di loro la sensibilit\u00e0 ambientale \u00e8 aumentata in questi ultimi anni e il 42,9% conosce esattamente il significato di \u201csviluppo sostenibile\u201d. Non \u00e8 poco, decisamente. Perch\u00e9, dati alla mano, se davvero ci facessimo un esame di coscienza scopriremmo che questi giovani sono pronti a farci scuola. Ma come ogni analisi che si rispetti c\u2019\u00e8 sempre un risvolto da prendere in considerazione. Nonostante la coscienza e la responsabilit\u00e0 che li contraddistingue, 8 su 10 sono poco attratti dalle associazioni impegnate su questi fronti e solo il 19% fa volontariato. Per\u00f2 dovremmo interrogarci sui perch\u00e9. Se credono poco nelle associazioni forse \u00e8 perch\u00e9 non trovano un\u2019adeguata capacit\u00e0 di accoglienza al loro modo di essere cittadini attivi. Questa fotografia \u00e8 sostanzialmente confermata anche per i giovani che scelgono la montagna come luogo di vita. Per quanto mi consta cambia il rapporto con il volontariato, che in montagna \u00e8 pi\u00f9 alto. I progetti che hanno partecipato a bandi di fondazioni o enti a sostegno dell&#8217;imprenditoria giovanile hanno la sostenibilit\u00e0 come denominatore comune. Anche qui economia circolare, fonti rinnovabili, chilometro zero, biologico. Qui si gioca il futuro del pianeta e delle Terre alte. Dobbiamo sostenere questa rivoluzione portata avanti da migliaia di imprenditori socialmente responsabili. Il Cai fa una proposta culturale molto ampia che coniuga frequentazione, tutela ambientale, supporto allo sviluppo sostenibile delle montagne. Credo che abbiamo la forza e la competenza per costruire un dialogo pi\u00f9 serrato con i giovani, tutti non solo gli appassionati di montagna, partendo proprio da questi temi. Per sostenerli e dire loro che la montagna \u00e8 una risorsa chiave per la sostenibilit\u00e0 che \u00e8 alla base della loro (ma anche nostra) idea di futuro. Aiutiamoli a salvarci, e continuiamo a stimolare la curiosit\u00e0 per la montagna. Qualcuno vorr\u00e0 certamente toccare con mano.<br><\/p>\n\n\n\n<p class=\"wp-block-paragraph\"><em>Peak &amp; Tip<\/em>, <em>Montagne360<\/em> febbraio 2019<\/p>\n","protected":false},"excerpt":{"rendered":"<p>I giovani ci salveranno. \u00c8 un\u2019idea che \u2013 contrastando i dilaganti luoghi comuni sulle generazioni di choosy, bamboccioni ed eterni sdraiati \u2013 mi porto dietro da tempo. Stavolta, per\u00f2, trovo consolazione nei numeri, ovvero un parziale fondamento nei risultati di un\u2019indagine sui temi ambientali condotta dall\u2019Osservatorio giovani dell\u2019Istituto Giuseppe Toniolo tra ragazzi e ragazze nati&hellip;<\/p>\n","protected":false},"author":2,"featured_media":462,"comment_status":"closed","ping_status":"closed","sticky":false,"template":"","format":"standard","meta":{"footnotes":""},"categories":[31],"tags":[18],"class_list":["post-461","post","type-post","status-publish","format-standard","has-post-thumbnail","category-articoli","tag-montagne360"],"yoast_head":"<!-- This site is optimized with the Yoast SEO plugin v20.12 - https:\/\/yoast.com\/wordpress\/plugins\/seo\/ -->\n<title>Aiutiamoli a salvarci - Luca Calzolari<\/title>\n<meta name=\"robots\" content=\"index, follow, max-snippet:-1, max-image-preview:large, max-video-preview:-1\" \/>\n<link rel=\"canonical\" href=\"https:\/\/www.lucacalzolari.it\/wp\/aiutiamoli-a-salvarci\/\" \/>\n<meta property=\"og:locale\" content=\"it_IT\" \/>\n<meta property=\"og:type\" content=\"article\" \/>\n<meta property=\"og:title\" content=\"Aiutiamoli a salvarci - Luca Calzolari\" \/>\n<meta property=\"og:description\" content=\"I giovani ci salveranno. \u00c8 un\u2019idea che \u2013 contrastando i dilaganti luoghi comuni sulle generazioni di choosy, bamboccioni ed eterni sdraiati \u2013 mi porto dietro da tempo. Stavolta, per\u00f2, trovo consolazione nei numeri, ovvero un parziale fondamento nei risultati di un\u2019indagine sui temi ambientali condotta dall\u2019Osservatorio giovani dell\u2019Istituto Giuseppe Toniolo tra ragazzi e ragazze nati&hellip;\" \/>\n<meta property=\"og:url\" content=\"https:\/\/www.lucacalzolari.it\/wp\/aiutiamoli-a-salvarci\/\" \/>\n<meta property=\"og:site_name\" content=\"Luca Calzolari\" \/>\n<meta property=\"article:published_time\" content=\"2019-02-09T14:56:51+00:00\" \/>\n<meta property=\"article:modified_time\" content=\"2023-08-02T14:28:44+00:00\" \/>\n<meta property=\"og:image\" content=\"http:\/\/www.lucacalzolari.it\/wp\/wp-content\/uploads\/2023\/08\/neom-LiDZooBvzt0-unsplash-scaled.jpg\" \/>\n\t<meta property=\"og:image:width\" content=\"2560\" \/>\n\t<meta property=\"og:image:height\" content=\"1707\" \/>\n\t<meta property=\"og:image:type\" content=\"image\/jpeg\" \/>\n<meta name=\"author\" content=\"Luca Calzolari\" \/>\n<meta name=\"twitter:card\" content=\"summary_large_image\" \/>\n<meta name=\"twitter:creator\" content=\"@lcalzolari\" \/>\n<meta name=\"twitter:site\" content=\"@lcalzolari\" \/>\n<meta name=\"twitter:label1\" content=\"Scritto da\" \/>\n\t<meta name=\"twitter:data1\" content=\"Luca Calzolari\" \/>\n\t<meta name=\"twitter:label2\" content=\"Tempo di lettura stimato\" \/>\n\t<meta name=\"twitter:data2\" content=\"4 minuti\" \/>\n<script type=\"application\/ld+json\" class=\"yoast-schema-graph\">{\"@context\":\"https:\/\/schema.org\",\"@graph\":[{\"@type\":\"Article\",\"@id\":\"https:\/\/www.lucacalzolari.it\/wp\/aiutiamoli-a-salvarci\/#article\",\"isPartOf\":{\"@id\":\"https:\/\/www.lucacalzolari.it\/wp\/aiutiamoli-a-salvarci\/\"},\"author\":{\"name\":\"Luca Calzolari\",\"@id\":\"https:\/\/www.lucacalzolari.it\/wp\/#\/schema\/person\/287b5da65749bacd4efae5c8f988be25\"},\"headline\":\"Aiutiamoli a salvarci\",\"datePublished\":\"2019-02-09T14:56:51+00:00\",\"dateModified\":\"2023-08-02T14:28:44+00:00\",\"mainEntityOfPage\":{\"@id\":\"https:\/\/www.lucacalzolari.it\/wp\/aiutiamoli-a-salvarci\/\"},\"wordCount\":713,\"publisher\":{\"@id\":\"https:\/\/www.lucacalzolari.it\/wp\/#\/schema\/person\/287b5da65749bacd4efae5c8f988be25\"},\"keywords\":[\"montagne360\"],\"articleSection\":[\"ARTICOLI\"],\"inLanguage\":\"it-IT\"},{\"@type\":\"WebPage\",\"@id\":\"https:\/\/www.lucacalzolari.it\/wp\/aiutiamoli-a-salvarci\/\",\"url\":\"https:\/\/www.lucacalzolari.it\/wp\/aiutiamoli-a-salvarci\/\",\"name\":\"Aiutiamoli a salvarci - Luca Calzolari\",\"isPartOf\":{\"@id\":\"https:\/\/www.lucacalzolari.it\/wp\/#website\"},\"datePublished\":\"2019-02-09T14:56:51+00:00\",\"dateModified\":\"2023-08-02T14:28:44+00:00\",\"breadcrumb\":{\"@id\":\"https:\/\/www.lucacalzolari.it\/wp\/aiutiamoli-a-salvarci\/#breadcrumb\"},\"inLanguage\":\"it-IT\",\"potentialAction\":[{\"@type\":\"ReadAction\",\"target\":[\"https:\/\/www.lucacalzolari.it\/wp\/aiutiamoli-a-salvarci\/\"]}]},{\"@type\":\"BreadcrumbList\",\"@id\":\"https:\/\/www.lucacalzolari.it\/wp\/aiutiamoli-a-salvarci\/#breadcrumb\",\"itemListElement\":[{\"@type\":\"ListItem\",\"position\":1,\"name\":\"Home\",\"item\":\"https:\/\/www.lucacalzolari.it\/wp\/\"},{\"@type\":\"ListItem\",\"position\":2,\"name\":\"Aiutiamoli a salvarci\"}]},{\"@type\":\"WebSite\",\"@id\":\"https:\/\/www.lucacalzolari.it\/wp\/#website\",\"url\":\"https:\/\/www.lucacalzolari.it\/wp\/\",\"name\":\"Luca Calzolari\",\"description\":\"Strategie e prodotti di comunicazione\",\"publisher\":{\"@id\":\"https:\/\/www.lucacalzolari.it\/wp\/#\/schema\/person\/287b5da65749bacd4efae5c8f988be25\"},\"potentialAction\":[{\"@type\":\"SearchAction\",\"target\":{\"@type\":\"EntryPoint\",\"urlTemplate\":\"https:\/\/www.lucacalzolari.it\/wp\/?s={search_term_string}\"},\"query-input\":\"required name=search_term_string\"}],\"inLanguage\":\"it-IT\"},{\"@type\":[\"Person\",\"Organization\"],\"@id\":\"https:\/\/www.lucacalzolari.it\/wp\/#\/schema\/person\/287b5da65749bacd4efae5c8f988be25\",\"name\":\"Luca Calzolari\",\"image\":{\"@type\":\"ImageObject\",\"inLanguage\":\"it-IT\",\"@id\":\"https:\/\/www.lucacalzolari.it\/wp\/#\/schema\/person\/image\/\",\"url\":\"http:\/\/www.lucacalzolari.it\/wp\/wp-content\/uploads\/2023\/06\/luca-calzolari-e1686136036615.png\",\"contentUrl\":\"http:\/\/www.lucacalzolari.it\/wp\/wp-content\/uploads\/2023\/06\/luca-calzolari-e1686136036615.png\",\"width\":238,\"height\":260,\"caption\":\"Luca Calzolari\"},\"logo\":{\"@id\":\"https:\/\/www.lucacalzolari.it\/wp\/#\/schema\/person\/image\/\"},\"sameAs\":[\"https:\/\/www.instagram.com\/l_calzolari\/\",\"https:\/\/www.linkedin.com\/in\/luca-calzolari\/\",\"https:\/\/twitter.com\/lcalzolari\"],\"url\":\"https:\/\/www.lucacalzolari.it\/wp\/author\/luca\/\"}]}<\/script>\n<!-- \/ Yoast SEO plugin. -->","yoast_head_json":{"title":"Aiutiamoli a salvarci - Luca Calzolari","robots":{"index":"index","follow":"follow","max-snippet":"max-snippet:-1","max-image-preview":"max-image-preview:large","max-video-preview":"max-video-preview:-1"},"canonical":"https:\/\/www.lucacalzolari.it\/wp\/aiutiamoli-a-salvarci\/","og_locale":"it_IT","og_type":"article","og_title":"Aiutiamoli a salvarci - Luca Calzolari","og_description":"I giovani ci salveranno. \u00c8 un\u2019idea che \u2013 contrastando i dilaganti luoghi comuni sulle generazioni di choosy, bamboccioni ed eterni sdraiati \u2013 mi porto dietro da tempo. Stavolta, per\u00f2, trovo consolazione nei numeri, ovvero un parziale fondamento nei risultati di un\u2019indagine sui temi ambientali condotta dall\u2019Osservatorio giovani dell\u2019Istituto Giuseppe Toniolo tra ragazzi e ragazze nati&hellip;","og_url":"https:\/\/www.lucacalzolari.it\/wp\/aiutiamoli-a-salvarci\/","og_site_name":"Luca Calzolari","article_published_time":"2019-02-09T14:56:51+00:00","article_modified_time":"2023-08-02T14:28:44+00:00","og_image":[{"width":2560,"height":1707,"url":"http:\/\/www.lucacalzolari.it\/wp\/wp-content\/uploads\/2023\/08\/neom-LiDZooBvzt0-unsplash-scaled.jpg","type":"image\/jpeg"}],"author":"Luca Calzolari","twitter_card":"summary_large_image","twitter_creator":"@lcalzolari","twitter_site":"@lcalzolari","twitter_misc":{"Scritto da":"Luca Calzolari","Tempo di lettura stimato":"4 minuti"},"schema":{"@context":"https:\/\/schema.org","@graph":[{"@type":"Article","@id":"https:\/\/www.lucacalzolari.it\/wp\/aiutiamoli-a-salvarci\/#article","isPartOf":{"@id":"https:\/\/www.lucacalzolari.it\/wp\/aiutiamoli-a-salvarci\/"},"author":{"name":"Luca Calzolari","@id":"https:\/\/www.lucacalzolari.it\/wp\/#\/schema\/person\/287b5da65749bacd4efae5c8f988be25"},"headline":"Aiutiamoli a salvarci","datePublished":"2019-02-09T14:56:51+00:00","dateModified":"2023-08-02T14:28:44+00:00","mainEntityOfPage":{"@id":"https:\/\/www.lucacalzolari.it\/wp\/aiutiamoli-a-salvarci\/"},"wordCount":713,"publisher":{"@id":"https:\/\/www.lucacalzolari.it\/wp\/#\/schema\/person\/287b5da65749bacd4efae5c8f988be25"},"keywords":["montagne360"],"articleSection":["ARTICOLI"],"inLanguage":"it-IT"},{"@type":"WebPage","@id":"https:\/\/www.lucacalzolari.it\/wp\/aiutiamoli-a-salvarci\/","url":"https:\/\/www.lucacalzolari.it\/wp\/aiutiamoli-a-salvarci\/","name":"Aiutiamoli a salvarci - Luca Calzolari","isPartOf":{"@id":"https:\/\/www.lucacalzolari.it\/wp\/#website"},"datePublished":"2019-02-09T14:56:51+00:00","dateModified":"2023-08-02T14:28:44+00:00","breadcrumb":{"@id":"https:\/\/www.lucacalzolari.it\/wp\/aiutiamoli-a-salvarci\/#breadcrumb"},"inLanguage":"it-IT","potentialAction":[{"@type":"ReadAction","target":["https:\/\/www.lucacalzolari.it\/wp\/aiutiamoli-a-salvarci\/"]}]},{"@type":"BreadcrumbList","@id":"https:\/\/www.lucacalzolari.it\/wp\/aiutiamoli-a-salvarci\/#breadcrumb","itemListElement":[{"@type":"ListItem","position":1,"name":"Home","item":"https:\/\/www.lucacalzolari.it\/wp\/"},{"@type":"ListItem","position":2,"name":"Aiutiamoli a salvarci"}]},{"@type":"WebSite","@id":"https:\/\/www.lucacalzolari.it\/wp\/#website","url":"https:\/\/www.lucacalzolari.it\/wp\/","name":"Luca Calzolari","description":"Strategie e prodotti di comunicazione","publisher":{"@id":"https:\/\/www.lucacalzolari.it\/wp\/#\/schema\/person\/287b5da65749bacd4efae5c8f988be25"},"potentialAction":[{"@type":"SearchAction","target":{"@type":"EntryPoint","urlTemplate":"https:\/\/www.lucacalzolari.it\/wp\/?s={search_term_string}"},"query-input":"required name=search_term_string"}],"inLanguage":"it-IT"},{"@type":["Person","Organization"],"@id":"https:\/\/www.lucacalzolari.it\/wp\/#\/schema\/person\/287b5da65749bacd4efae5c8f988be25","name":"Luca Calzolari","image":{"@type":"ImageObject","inLanguage":"it-IT","@id":"https:\/\/www.lucacalzolari.it\/wp\/#\/schema\/person\/image\/","url":"http:\/\/www.lucacalzolari.it\/wp\/wp-content\/uploads\/2023\/06\/luca-calzolari-e1686136036615.png","contentUrl":"http:\/\/www.lucacalzolari.it\/wp\/wp-content\/uploads\/2023\/06\/luca-calzolari-e1686136036615.png","width":238,"height":260,"caption":"Luca Calzolari"},"logo":{"@id":"https:\/\/www.lucacalzolari.it\/wp\/#\/schema\/person\/image\/"},"sameAs":["https:\/\/www.instagram.com\/l_calzolari\/","https:\/\/www.linkedin.com\/in\/luca-calzolari\/","https:\/\/twitter.com\/lcalzolari"],"url":"https:\/\/www.lucacalzolari.it\/wp\/author\/luca\/"}]}},"amp_enabled":true,"_links":{"self":[{"href":"https:\/\/www.lucacalzolari.it\/wp\/wp-json\/wp\/v2\/posts\/461","targetHints":{"allow":["GET"]}}],"collection":[{"href":"https:\/\/www.lucacalzolari.it\/wp\/wp-json\/wp\/v2\/posts"}],"about":[{"href":"https:\/\/www.lucacalzolari.it\/wp\/wp-json\/wp\/v2\/types\/post"}],"author":[{"embeddable":true,"href":"https:\/\/www.lucacalzolari.it\/wp\/wp-json\/wp\/v2\/users\/2"}],"replies":[{"embeddable":true,"href":"https:\/\/www.lucacalzolari.it\/wp\/wp-json\/wp\/v2\/comments?post=461"}],"version-history":[{"count":1,"href":"https:\/\/www.lucacalzolari.it\/wp\/wp-json\/wp\/v2\/posts\/461\/revisions"}],"predecessor-version":[{"id":463,"href":"https:\/\/www.lucacalzolari.it\/wp\/wp-json\/wp\/v2\/posts\/461\/revisions\/463"}],"wp:featuredmedia":[{"embeddable":true,"href":"https:\/\/www.lucacalzolari.it\/wp\/wp-json\/wp\/v2\/media\/462"}],"wp:attachment":[{"href":"https:\/\/www.lucacalzolari.it\/wp\/wp-json\/wp\/v2\/media?parent=461"}],"wp:term":[{"taxonomy":"category","embeddable":true,"href":"https:\/\/www.lucacalzolari.it\/wp\/wp-json\/wp\/v2\/categories?post=461"},{"taxonomy":"post_tag","embeddable":true,"href":"https:\/\/www.lucacalzolari.it\/wp\/wp-json\/wp\/v2\/tags?post=461"}],"curies":[{"name":"wp","href":"https:\/\/api.w.org\/{rel}","templated":true}]}}