{"id":491,"date":"2019-11-02T17:07:00","date_gmt":"2019-11-02T16:07:00","guid":{"rendered":"http:\/\/www.lucacalzolari.it\/wp\/?p=491"},"modified":"2023-08-02T17:12:55","modified_gmt":"2023-08-02T15:12:55","slug":"il-prezzo-del-cambiamento","status":"publish","type":"post","link":"https:\/\/www.lucacalzolari.it\/wp\/il-prezzo-del-cambiamento\/","title":{"rendered":"Il prezzo del cambiamento"},"content":{"rendered":"\n<p class=\"wp-block-paragraph\">Il mondo corre veloce, perfino troppo in fretta. Una rapidit\u00e0 che non sempre ci permette di comprendere e codificare a fondo gli effetti dei processi di sviluppo. Basta misurare le innovazioni degli ultimi cinquant&#8217;anni per scoprire che hanno avuto un impatto di gran lunga superiore a quelle avvenute negli ultimi cinque secoli. Qualcuno lo chiama progresso, per altri siamo di fronte alla decadenza. Insomma, tenere il passo \u00e8 difficile. Per\u00f2 una cosa \u00e8 certa: gli uomini e le donne sono sempre al centro del cambiamento. Per\u00f2 una cosa \u00e8 certa: gli uomini e le donne sono sempre al centro del cambiamento. Lo sono anche di quello climatico, che ci ha portato nella attuale crisi climatica. Significa anche che ci\u00f2 che \u00e8 stato distrutto (come l&#8217;ambiente, ad esempio) pu\u00f2 essere anche difeso, tutelato, rigenerato. Tutto dipende da noi e dalle nostre decisioni. Anzich\u00e9 assistere passivamente scegliamo d&#8217;intraprendere azioni capaci di generare valore. In altre parole abbracciamo il cambiamento. Facciamocene carico. Promuoviamolo, indirizziamolo, governiamolo. E pensiamo con lungimiranza. Almeno stavolta proviamo a cercare la trasformazione. Non lontano, non altrove, non fuori dalle nostre vite. Cerchiamolo e decliniamolo nel nostro quotidiano. Del resto ci sono indizi che ci fanno capire chiaramente quanto l&#8217;approccio sostenibile alla vita abbia trovato fertile terreno di sviluppo anche nell&#8217;ambito imprenditoriale, lo troviamo anche in diverse di quelle aziende che producono capi tecnici per la montagna e per l&#8217;attivit\u00e0 outdoor (di cui ci occupiamo nel focus di questo numero). Lo vediamo nelle migliaia di giovani del movimento \u201cFridays for future\u201d che scioperano per il clima e in quella diffusa cultura ambientale che sembra contagiare ogni ambito, dal pubblico al privato. Sul concetto di \u201cplastic free\u201d stanno prolificando progetti e azioni che riguardano comuni, province e regioni di qualsiasi parte d&#8217;Italia. Leggiamo di Terni come la prima citt\u00e0 \u201clibera dalla plastica\u201d. Ma anche di Termoli, che ha recentemente lanciato una sfida per raggiungere la piena sostenibilit\u00e0, e della Regione Toscana, che da questa estate &#8211; con una legge ad hoc &#8211; ha vietato la plastica monouso nelle spiagge e nei parchi. E cos\u00ec ormai fanno tante scuole: via le bottigliette, ben vengano le borracce. Niente pi\u00f9 bicchierini di plastica per il caff\u00e8, sostituiti da quelli in ceramica. Andranno presto a scomparire anche posate monouso e sacchetti di plastica usa e getta. Comportamenti, questi, che ancor pi\u00f9 a ragione trovano la loro collocazione naturale in montagna. Da Bressanone alla Valle Stura, dal Trentino-Alto Adige alla Valle del Sele, in Campania. Tutto plastic free. Ma una borraccia pu\u00f2 incidere sul cambiamento? E quanto siamo disposti a spendere per favorire questa rivoluzione green? Sulla prima risposta siamo quasi tutti d&#8217;accordo, e la risposta \u00e8 s\u00ec. Non \u00e8 una borraccia da sola che salver\u00e0 il mondo, ma utilizzarla significa avviare un processo virtuoso di contaminazione culturale. \u00c8 invece pi\u00f9 difficile rispondere alla seconda domanda. Ma \u00e8 ineludibile. Oggi la sostenibilit\u00e0 ha, infatti, ha un costo economico. E questo incide sui comportamenti d\u2019acquisto. Ci costringe a scegliere, e talvolta a rinunciare a qualcosa in suo favore. Cambiare spaventa, fa paura. Incide sulle nostre abitudini, ribalta gli stereotipi, ci fa camminare controcorrente. Ma se tutti fossimo diretti nella stessa (nuova) direzione, allora non ci sentiremmo pi\u00f9 n\u00e9 a disagio n\u00e9 diversi. Perch\u00e9 quella diventerebbe la corrente di tutti, quella giusta. Secondo una recente indagine condotta dallo studio di analisi e ricerche Ipsos, in Italia il 74% degli intervistati \u00e8 consapevole di essere la causa principale dell&#8217;inquinamento ambientale, mentre negli ultimi quattro anni l\u2019attenzione e la volont\u00e0 di apprendere nozioni specifiche in materia ambientale \u00e8 cresciuta del 65%. Sarebbero dati confortanti, se non fosse che solo una persona su cinque adotta quotidianamente comportamenti sostenibili. Anche se il 50% del campione dimostra disponibilit\u00e0 alla comprensione del fenomeno, tre su dieci continuano ad essere scettici o indifferente alle questioni ambientali. Per quanto il cambiamento abbia un prezzo l\u2019adozione di nuovi stili di vita e comportamenti pi\u00f9 sostenibili, se diffusi, contribuiranno a invertire la tendenza. Non pi\u00f9 distruzione, quindi, ma costruzione. Cambiamo noi per cambiare il mondo.<\/p>\n\n\n\n<p class=\"wp-block-paragraph\"><br><em>Peak &amp; Tip<\/em>, <em>Montagne360<\/em> novembre 2019<\/p>\n","protected":false},"excerpt":{"rendered":"<p>Il mondo corre veloce, perfino troppo in fretta. Una rapidit\u00e0 che non sempre ci permette di comprendere e codificare a fondo gli effetti dei processi di sviluppo. Basta misurare le innovazioni degli ultimi cinquant&#8217;anni per scoprire che hanno avuto un impatto di gran lunga superiore a quelle avvenute negli ultimi cinque secoli. Qualcuno lo chiama&hellip;<\/p>\n","protected":false},"author":2,"featured_media":492,"comment_status":"closed","ping_status":"closed","sticky":false,"template":"","format":"standard","meta":{"footnotes":""},"categories":[31],"tags":[18],"class_list":["post-491","post","type-post","status-publish","format-standard","has-post-thumbnail","category-articoli","tag-montagne360"],"yoast_head":"<!-- This site is optimized with the Yoast SEO plugin v20.12 - https:\/\/yoast.com\/wordpress\/plugins\/seo\/ -->\n<title>Il prezzo del cambiamento - Luca Calzolari<\/title>\n<meta name=\"robots\" content=\"index, follow, max-snippet:-1, max-image-preview:large, max-video-preview:-1\" \/>\n<link rel=\"canonical\" href=\"https:\/\/www.lucacalzolari.it\/wp\/il-prezzo-del-cambiamento\/\" \/>\n<meta property=\"og:locale\" content=\"it_IT\" \/>\n<meta property=\"og:type\" content=\"article\" \/>\n<meta property=\"og:title\" content=\"Il prezzo del cambiamento - Luca Calzolari\" \/>\n<meta property=\"og:description\" content=\"Il mondo corre veloce, perfino troppo in fretta. Una rapidit\u00e0 che non sempre ci permette di comprendere e codificare a fondo gli effetti dei processi di sviluppo. Basta misurare le innovazioni degli ultimi cinquant&#8217;anni per scoprire che hanno avuto un impatto di gran lunga superiore a quelle avvenute negli ultimi cinque secoli. Qualcuno lo chiama&hellip;\" \/>\n<meta property=\"og:url\" content=\"https:\/\/www.lucacalzolari.it\/wp\/il-prezzo-del-cambiamento\/\" \/>\n<meta property=\"og:site_name\" content=\"Luca Calzolari\" \/>\n<meta property=\"article:published_time\" content=\"2019-11-02T16:07:00+00:00\" \/>\n<meta property=\"article:modified_time\" content=\"2023-08-02T15:12:55+00:00\" \/>\n<meta property=\"og:image\" content=\"http:\/\/www.lucacalzolari.it\/wp\/wp-content\/uploads\/2023\/08\/landscape-3688043_1280.jpg\" \/>\n\t<meta property=\"og:image:width\" content=\"1280\" \/>\n\t<meta property=\"og:image:height\" content=\"707\" \/>\n\t<meta property=\"og:image:type\" content=\"image\/jpeg\" \/>\n<meta name=\"author\" content=\"Luca Calzolari\" \/>\n<meta name=\"twitter:card\" content=\"summary_large_image\" \/>\n<meta name=\"twitter:creator\" content=\"@lcalzolari\" \/>\n<meta name=\"twitter:site\" content=\"@lcalzolari\" \/>\n<meta name=\"twitter:label1\" content=\"Scritto da\" \/>\n\t<meta name=\"twitter:data1\" content=\"Luca Calzolari\" \/>\n\t<meta name=\"twitter:label2\" content=\"Tempo di lettura stimato\" \/>\n\t<meta name=\"twitter:data2\" content=\"3 minuti\" \/>\n<script type=\"application\/ld+json\" class=\"yoast-schema-graph\">{\"@context\":\"https:\/\/schema.org\",\"@graph\":[{\"@type\":\"Article\",\"@id\":\"https:\/\/www.lucacalzolari.it\/wp\/il-prezzo-del-cambiamento\/#article\",\"isPartOf\":{\"@id\":\"https:\/\/www.lucacalzolari.it\/wp\/il-prezzo-del-cambiamento\/\"},\"author\":{\"name\":\"Luca Calzolari\",\"@id\":\"https:\/\/www.lucacalzolari.it\/wp\/#\/schema\/person\/287b5da65749bacd4efae5c8f988be25\"},\"headline\":\"Il prezzo del cambiamento\",\"datePublished\":\"2019-11-02T16:07:00+00:00\",\"dateModified\":\"2023-08-02T15:12:55+00:00\",\"mainEntityOfPage\":{\"@id\":\"https:\/\/www.lucacalzolari.it\/wp\/il-prezzo-del-cambiamento\/\"},\"wordCount\":666,\"publisher\":{\"@id\":\"https:\/\/www.lucacalzolari.it\/wp\/#\/schema\/person\/287b5da65749bacd4efae5c8f988be25\"},\"keywords\":[\"montagne360\"],\"articleSection\":[\"ARTICOLI\"],\"inLanguage\":\"it-IT\"},{\"@type\":\"WebPage\",\"@id\":\"https:\/\/www.lucacalzolari.it\/wp\/il-prezzo-del-cambiamento\/\",\"url\":\"https:\/\/www.lucacalzolari.it\/wp\/il-prezzo-del-cambiamento\/\",\"name\":\"Il prezzo del cambiamento - Luca Calzolari\",\"isPartOf\":{\"@id\":\"https:\/\/www.lucacalzolari.it\/wp\/#website\"},\"datePublished\":\"2019-11-02T16:07:00+00:00\",\"dateModified\":\"2023-08-02T15:12:55+00:00\",\"breadcrumb\":{\"@id\":\"https:\/\/www.lucacalzolari.it\/wp\/il-prezzo-del-cambiamento\/#breadcrumb\"},\"inLanguage\":\"it-IT\",\"potentialAction\":[{\"@type\":\"ReadAction\",\"target\":[\"https:\/\/www.lucacalzolari.it\/wp\/il-prezzo-del-cambiamento\/\"]}]},{\"@type\":\"BreadcrumbList\",\"@id\":\"https:\/\/www.lucacalzolari.it\/wp\/il-prezzo-del-cambiamento\/#breadcrumb\",\"itemListElement\":[{\"@type\":\"ListItem\",\"position\":1,\"name\":\"Home\",\"item\":\"https:\/\/www.lucacalzolari.it\/wp\/\"},{\"@type\":\"ListItem\",\"position\":2,\"name\":\"Il prezzo del cambiamento\"}]},{\"@type\":\"WebSite\",\"@id\":\"https:\/\/www.lucacalzolari.it\/wp\/#website\",\"url\":\"https:\/\/www.lucacalzolari.it\/wp\/\",\"name\":\"Luca Calzolari\",\"description\":\"Strategie e prodotti di comunicazione\",\"publisher\":{\"@id\":\"https:\/\/www.lucacalzolari.it\/wp\/#\/schema\/person\/287b5da65749bacd4efae5c8f988be25\"},\"potentialAction\":[{\"@type\":\"SearchAction\",\"target\":{\"@type\":\"EntryPoint\",\"urlTemplate\":\"https:\/\/www.lucacalzolari.it\/wp\/?s={search_term_string}\"},\"query-input\":\"required name=search_term_string\"}],\"inLanguage\":\"it-IT\"},{\"@type\":[\"Person\",\"Organization\"],\"@id\":\"https:\/\/www.lucacalzolari.it\/wp\/#\/schema\/person\/287b5da65749bacd4efae5c8f988be25\",\"name\":\"Luca Calzolari\",\"image\":{\"@type\":\"ImageObject\",\"inLanguage\":\"it-IT\",\"@id\":\"https:\/\/www.lucacalzolari.it\/wp\/#\/schema\/person\/image\/\",\"url\":\"http:\/\/www.lucacalzolari.it\/wp\/wp-content\/uploads\/2023\/06\/luca-calzolari-e1686136036615.png\",\"contentUrl\":\"http:\/\/www.lucacalzolari.it\/wp\/wp-content\/uploads\/2023\/06\/luca-calzolari-e1686136036615.png\",\"width\":238,\"height\":260,\"caption\":\"Luca Calzolari\"},\"logo\":{\"@id\":\"https:\/\/www.lucacalzolari.it\/wp\/#\/schema\/person\/image\/\"},\"sameAs\":[\"https:\/\/www.instagram.com\/l_calzolari\/\",\"https:\/\/www.linkedin.com\/in\/luca-calzolari\/\",\"https:\/\/twitter.com\/lcalzolari\"],\"url\":\"https:\/\/www.lucacalzolari.it\/wp\/author\/luca\/\"}]}<\/script>\n<!-- \/ Yoast SEO plugin. -->","yoast_head_json":{"title":"Il prezzo del cambiamento - Luca Calzolari","robots":{"index":"index","follow":"follow","max-snippet":"max-snippet:-1","max-image-preview":"max-image-preview:large","max-video-preview":"max-video-preview:-1"},"canonical":"https:\/\/www.lucacalzolari.it\/wp\/il-prezzo-del-cambiamento\/","og_locale":"it_IT","og_type":"article","og_title":"Il prezzo del cambiamento - Luca Calzolari","og_description":"Il mondo corre veloce, perfino troppo in fretta. Una rapidit\u00e0 che non sempre ci permette di comprendere e codificare a fondo gli effetti dei processi di sviluppo. Basta misurare le innovazioni degli ultimi cinquant&#8217;anni per scoprire che hanno avuto un impatto di gran lunga superiore a quelle avvenute negli ultimi cinque secoli. Qualcuno lo chiama&hellip;","og_url":"https:\/\/www.lucacalzolari.it\/wp\/il-prezzo-del-cambiamento\/","og_site_name":"Luca Calzolari","article_published_time":"2019-11-02T16:07:00+00:00","article_modified_time":"2023-08-02T15:12:55+00:00","og_image":[{"width":1280,"height":707,"url":"http:\/\/www.lucacalzolari.it\/wp\/wp-content\/uploads\/2023\/08\/landscape-3688043_1280.jpg","type":"image\/jpeg"}],"author":"Luca Calzolari","twitter_card":"summary_large_image","twitter_creator":"@lcalzolari","twitter_site":"@lcalzolari","twitter_misc":{"Scritto da":"Luca Calzolari","Tempo di lettura stimato":"3 minuti"},"schema":{"@context":"https:\/\/schema.org","@graph":[{"@type":"Article","@id":"https:\/\/www.lucacalzolari.it\/wp\/il-prezzo-del-cambiamento\/#article","isPartOf":{"@id":"https:\/\/www.lucacalzolari.it\/wp\/il-prezzo-del-cambiamento\/"},"author":{"name":"Luca Calzolari","@id":"https:\/\/www.lucacalzolari.it\/wp\/#\/schema\/person\/287b5da65749bacd4efae5c8f988be25"},"headline":"Il prezzo del cambiamento","datePublished":"2019-11-02T16:07:00+00:00","dateModified":"2023-08-02T15:12:55+00:00","mainEntityOfPage":{"@id":"https:\/\/www.lucacalzolari.it\/wp\/il-prezzo-del-cambiamento\/"},"wordCount":666,"publisher":{"@id":"https:\/\/www.lucacalzolari.it\/wp\/#\/schema\/person\/287b5da65749bacd4efae5c8f988be25"},"keywords":["montagne360"],"articleSection":["ARTICOLI"],"inLanguage":"it-IT"},{"@type":"WebPage","@id":"https:\/\/www.lucacalzolari.it\/wp\/il-prezzo-del-cambiamento\/","url":"https:\/\/www.lucacalzolari.it\/wp\/il-prezzo-del-cambiamento\/","name":"Il prezzo del cambiamento - Luca Calzolari","isPartOf":{"@id":"https:\/\/www.lucacalzolari.it\/wp\/#website"},"datePublished":"2019-11-02T16:07:00+00:00","dateModified":"2023-08-02T15:12:55+00:00","breadcrumb":{"@id":"https:\/\/www.lucacalzolari.it\/wp\/il-prezzo-del-cambiamento\/#breadcrumb"},"inLanguage":"it-IT","potentialAction":[{"@type":"ReadAction","target":["https:\/\/www.lucacalzolari.it\/wp\/il-prezzo-del-cambiamento\/"]}]},{"@type":"BreadcrumbList","@id":"https:\/\/www.lucacalzolari.it\/wp\/il-prezzo-del-cambiamento\/#breadcrumb","itemListElement":[{"@type":"ListItem","position":1,"name":"Home","item":"https:\/\/www.lucacalzolari.it\/wp\/"},{"@type":"ListItem","position":2,"name":"Il prezzo del cambiamento"}]},{"@type":"WebSite","@id":"https:\/\/www.lucacalzolari.it\/wp\/#website","url":"https:\/\/www.lucacalzolari.it\/wp\/","name":"Luca Calzolari","description":"Strategie e prodotti di comunicazione","publisher":{"@id":"https:\/\/www.lucacalzolari.it\/wp\/#\/schema\/person\/287b5da65749bacd4efae5c8f988be25"},"potentialAction":[{"@type":"SearchAction","target":{"@type":"EntryPoint","urlTemplate":"https:\/\/www.lucacalzolari.it\/wp\/?s={search_term_string}"},"query-input":"required name=search_term_string"}],"inLanguage":"it-IT"},{"@type":["Person","Organization"],"@id":"https:\/\/www.lucacalzolari.it\/wp\/#\/schema\/person\/287b5da65749bacd4efae5c8f988be25","name":"Luca Calzolari","image":{"@type":"ImageObject","inLanguage":"it-IT","@id":"https:\/\/www.lucacalzolari.it\/wp\/#\/schema\/person\/image\/","url":"http:\/\/www.lucacalzolari.it\/wp\/wp-content\/uploads\/2023\/06\/luca-calzolari-e1686136036615.png","contentUrl":"http:\/\/www.lucacalzolari.it\/wp\/wp-content\/uploads\/2023\/06\/luca-calzolari-e1686136036615.png","width":238,"height":260,"caption":"Luca Calzolari"},"logo":{"@id":"https:\/\/www.lucacalzolari.it\/wp\/#\/schema\/person\/image\/"},"sameAs":["https:\/\/www.instagram.com\/l_calzolari\/","https:\/\/www.linkedin.com\/in\/luca-calzolari\/","https:\/\/twitter.com\/lcalzolari"],"url":"https:\/\/www.lucacalzolari.it\/wp\/author\/luca\/"}]}},"amp_enabled":true,"_links":{"self":[{"href":"https:\/\/www.lucacalzolari.it\/wp\/wp-json\/wp\/v2\/posts\/491","targetHints":{"allow":["GET"]}}],"collection":[{"href":"https:\/\/www.lucacalzolari.it\/wp\/wp-json\/wp\/v2\/posts"}],"about":[{"href":"https:\/\/www.lucacalzolari.it\/wp\/wp-json\/wp\/v2\/types\/post"}],"author":[{"embeddable":true,"href":"https:\/\/www.lucacalzolari.it\/wp\/wp-json\/wp\/v2\/users\/2"}],"replies":[{"embeddable":true,"href":"https:\/\/www.lucacalzolari.it\/wp\/wp-json\/wp\/v2\/comments?post=491"}],"version-history":[{"count":1,"href":"https:\/\/www.lucacalzolari.it\/wp\/wp-json\/wp\/v2\/posts\/491\/revisions"}],"predecessor-version":[{"id":493,"href":"https:\/\/www.lucacalzolari.it\/wp\/wp-json\/wp\/v2\/posts\/491\/revisions\/493"}],"wp:featuredmedia":[{"embeddable":true,"href":"https:\/\/www.lucacalzolari.it\/wp\/wp-json\/wp\/v2\/media\/492"}],"wp:attachment":[{"href":"https:\/\/www.lucacalzolari.it\/wp\/wp-json\/wp\/v2\/media?parent=491"}],"wp:term":[{"taxonomy":"category","embeddable":true,"href":"https:\/\/www.lucacalzolari.it\/wp\/wp-json\/wp\/v2\/categories?post=491"},{"taxonomy":"post_tag","embeddable":true,"href":"https:\/\/www.lucacalzolari.it\/wp\/wp-json\/wp\/v2\/tags?post=491"}],"curies":[{"name":"wp","href":"https:\/\/api.w.org\/{rel}","templated":true}]}}